
{"id":111476,"date":"2025-02-20T09:29:23","date_gmt":"2025-02-20T12:29:23","guid":{"rendered":"https:\/\/www.sudoestehoje.com.br\/novoportal\/?p=111476"},"modified":"2025-02-20T17:10:42","modified_gmt":"2025-02-20T20:10:42","slug":"davi-ferraz-sugere-programa-de-doacao-de-caixas-dagua-a-familias-carentes","status":"publish","type":"post","link":"https:\/\/www.sudoestehoje.com.br\/novoportal\/2025\/02\/20\/davi-ferraz-sugere-programa-de-doacao-de-caixas-dagua-a-familias-carentes\/","title":{"rendered":"ITAPETINGA | PRESIDENTE DO PSDB SUGERE PROGRAMA DE DOA\u00c7\u00c3O DE CAIXAS D&#8217;\u00c1GUA A FAM\u00cdLIAS CARENTES"},"content":{"rendered":"<p><img loading=\"lazy\" decoding=\"async\" class=\"alignnone wp-image-111480\" src=\"https:\/\/www.sudoestehoje.com.br\/novoportal\/wp-content\/uploads\/2023\/07\/3980563-600x315.jpg\" alt=\"\" width=\"550\" height=\"289\" srcset=\"https:\/\/www.sudoestehoje.com.br\/novoportal\/wp-content\/uploads\/2023\/07\/3980563-600x315.jpg 600w, https:\/\/www.sudoestehoje.com.br\/novoportal\/wp-content\/uploads\/2023\/07\/3980563-700x368.jpg 700w, https:\/\/www.sudoestehoje.com.br\/novoportal\/wp-content\/uploads\/2023\/07\/3980563-768x403.jpg 768w, https:\/\/www.sudoestehoje.com.br\/novoportal\/wp-content\/uploads\/2023\/07\/3980563.jpg 1200w\" sizes=\"auto, (max-width: 550px) 100vw, 550px\" \/><\/p>\n<p><strong>Durante as interrup\u00e7\u00f5es de fornecimento de \u00e1gua para manuten\u00e7\u00e3o e reparos da rede e adutoras, em Itapetinga, muitas fam\u00edlias dos bairros populares acabam ficando desabastecidas, por falta de reservat\u00f3rios nas sua resid\u00eancias, situa\u00e7\u00e3o desgastante para a pr\u00f3pria gest\u00e3o municipal.<\/strong><\/p>\n<p><strong>Diante desta triste realidade que perdura a d\u00e9cadas, o presidente local do PSDB, Davi Ferraz, est\u00e1 sugerindo a cria\u00e7\u00e3o de um programa de DOA\u00c7\u00c3O DE CAIXAS D&#8217;\u00c1GUA de at\u00e9 1.000 litros, para fam\u00edlias carentes do munic\u00edpio, previamente cadastradas pela Secretaria Municipal de Desenvolvimento Social.<\/strong><\/p>\n<p><strong><em>&#8220;Grande parte da nossa popula\u00e7\u00e3o \u00e9 extremamente carente, vivendo basicamente com recursos dos programas sociais do governo, e n\u00e3o tem condi\u00e7\u00f5es de adquirir caixas d&#8217;\u00e1gua para servir de reservat\u00f3rios, valendo-se, apenas, do que cai nas torneiras&#8221;<\/em>, salientou Davi.<\/strong><\/p>\n<p><strong>Segundo Davi, a doa\u00e7\u00e3o e instala\u00e7\u00e3o das caixas d&#8217;agua, coordenadas pelo munic\u00edpio, \u00e9 vi\u00e1vel e pode acontecer com recursos de organismos federais, como o Dnocs, Codevasf e minist\u00e9rios que atuam nessa \u00e1rea, atrav\u00e9s de programas de combate \u00e0 seca j\u00e1 existentes em Bras\u00edlia, ou de Emendas Parlamentares de deputados estaduais e federais.<\/strong><\/p>\n<p><strong>De acordo com o Davi Ferraz, a sua proposta serve como sugest\u00e3o \u00e0 atual gest\u00e3o municipal e aos nossos representantes na Assembleia Legislativa e C\u00e2mara Federal , de todos os partidos.<\/strong><\/p>\n<p><strong><em>&#8220;Existem in\u00fameros programas federais na \u00e1rea de saneamento que podem ser aplicados em nosso munic\u00edpio, bastando que haja empenho por parte dos nossos representantes pol\u00edticos, que j\u00e1 est\u00e3o desembarcando na cidade \u00e0 ca\u00e7a de votos e precisam ser acionados para integrarem esse esfor\u00e7o&#8221;<\/em>, concluiu Davi.<\/strong><\/p>\n<p><strong>Reda\u00e7\u00e3o SH<\/strong><\/p>\n<p><img loading=\"lazy\" decoding=\"async\" class=\"alignnone  wp-image-120818\" src=\"https:\/\/www.sudoestehoje.com.br\/novoportal\/wp-content\/uploads\/2025\/02\/Imagem-do-WhatsApp-de-2025-01-31-as-22.51.59_6328c0be-2.jpg\" alt=\"\" width=\"563\" height=\"84\" \/><\/p>\n","protected":false},"excerpt":{"rendered":"<p>Durante as interrup\u00e7\u00f5es de fornecimento de \u00e1gua para manuten\u00e7\u00e3o e reparos da rede e adutoras, em Itapetinga, muitas fam\u00edlias dos bairros populares acabam ficando desabastecidas, por falta de reservat\u00f3rios nas sua resid\u00eancias, situa\u00e7\u00e3o desgastante para a pr\u00f3pria gest\u00e3o municipal. Diante desta triste realidade que perdura a d\u00e9cadas, o presidente local do PSDB, Davi Ferraz, est\u00e1 [&hellip;]<\/p>\n","protected":false},"author":2,"featured_media":111480,"comment_status":"closed","ping_status":"open","sticky":false,"template":"","format":"standard","meta":{"footnotes":"","_links_to":"","_links_to_target":""},"categories":[1],"tags":[],"class_list":["post-111476","post","type-post","status-publish","format-standard","has-post-thumbnail","hentry","category-geral"],"views":1397,"_links":{"self":[{"href":"https:\/\/www.sudoestehoje.com.br\/novoportal\/wp-json\/wp\/v2\/posts\/111476","targetHints":{"allow":["GET"]}}],"collection":[{"href":"https:\/\/www.sudoestehoje.com.br\/novoportal\/wp-json\/wp\/v2\/posts"}],"about":[{"href":"https:\/\/www.sudoestehoje.com.br\/novoportal\/wp-json\/wp\/v2\/types\/post"}],"author":[{"embeddable":true,"href":"https:\/\/www.sudoestehoje.com.br\/novoportal\/wp-json\/wp\/v2\/users\/2"}],"replies":[{"embeddable":true,"href":"https:\/\/www.sudoestehoje.com.br\/novoportal\/wp-json\/wp\/v2\/comments?post=111476"}],"version-history":[{"count":10,"href":"https:\/\/www.sudoestehoje.com.br\/novoportal\/wp-json\/wp\/v2\/posts\/111476\/revisions"}],"predecessor-version":[{"id":120819,"href":"https:\/\/www.sudoestehoje.com.br\/novoportal\/wp-json\/wp\/v2\/posts\/111476\/revisions\/120819"}],"wp:featuredmedia":[{"embeddable":true,"href":"https:\/\/www.sudoestehoje.com.br\/novoportal\/wp-json\/wp\/v2\/media\/111480"}],"wp:attachment":[{"href":"https:\/\/www.sudoestehoje.com.br\/novoportal\/wp-json\/wp\/v2\/media?parent=111476"}],"wp:term":[{"taxonomy":"category","embeddable":true,"href":"https:\/\/www.sudoestehoje.com.br\/novoportal\/wp-json\/wp\/v2\/categories?post=111476"},{"taxonomy":"post_tag","embeddable":true,"href":"https:\/\/www.sudoestehoje.com.br\/novoportal\/wp-json\/wp\/v2\/tags?post=111476"}],"curies":[{"name":"wp","href":"https:\/\/api.w.org\/{rel}","templated":true}]}}