
{"id":111470,"date":"2023-07-19T08:53:23","date_gmt":"2023-07-19T11:53:23","guid":{"rendered":"https:\/\/www.sudoestehoje.com.br\/novoportal\/?p=111470"},"modified":"2023-07-19T08:53:23","modified_gmt":"2023-07-19T11:53:23","slug":"regiao-vereador-de-barra-da-estiva-e-denunciado-por-feminicidio-de-amante","status":"publish","type":"post","link":"https:\/\/www.sudoestehoje.com.br\/novoportal\/2023\/07\/19\/regiao-vereador-de-barra-da-estiva-e-denunciado-por-feminicidio-de-amante\/","title":{"rendered":"REGI\u00c3O | VEREADOR DE BARRA DA ESTIVA \u00c9 DENUNCIADO POR FEMINIC\u00cdDIO DE AMANTE"},"content":{"rendered":"<div id=\"chunk-bv1ut\">\n<div class=\"mc-column content-text active-extra-styles \" data-block-type=\"unstyled\" data-block-weight=\"56\" data-block-id=\"3\">\n<p data-track-category=\"Link no Texto\" data-track-links=\"\"><img loading=\"lazy\" decoding=\"async\" class=\"alignnone size-full wp-image-111341\" src=\"https:\/\/www.sudoestehoje.com.br\/novoportal\/wp-content\/uploads\/2023\/07\/BANNER-LINEUP-550x100-2.gif\" alt=\"\" width=\"550\" height=\"100\" \/><\/p>\n<p data-track-category=\"Link no Texto\" data-track-links=\"\"><img loading=\"lazy\" decoding=\"async\" class=\"alignnone  wp-image-111471\" src=\"https:\/\/www.sudoestehoje.com.br\/novoportal\/wp-content\/uploads\/2023\/07\/1680824260438363-600x349.webp\" alt=\"\" width=\"550\" height=\"320\" srcset=\"https:\/\/www.sudoestehoje.com.br\/novoportal\/wp-content\/uploads\/2023\/07\/1680824260438363-600x349.webp 600w, https:\/\/www.sudoestehoje.com.br\/novoportal\/wp-content\/uploads\/2023\/07\/1680824260438363-700x408.webp 700w, https:\/\/www.sudoestehoje.com.br\/novoportal\/wp-content\/uploads\/2023\/07\/1680824260438363-768x447.webp 768w, https:\/\/www.sudoestehoje.com.br\/novoportal\/wp-content\/uploads\/2023\/07\/1680824260438363.webp 984w\" sizes=\"auto, (max-width: 550px) 100vw, 550px\" \/><\/p>\n<p class=\"content-text__container \" data-track-category=\"Link no Texto\" data-track-links=\"\"><strong>O Minist\u00e9rio P\u00fablico da Bahia (MP-BA) denunciou o vereador de\u00a0Barra da Estiva, Valdinei da Silva Caires, pelo feminic\u00eddio de Beatriz Pires da Silva, agravado por motivo f\u00fatil e impossibilidade de defesa da v\u00edtima. A\u00a0jovem de 25 anos estava gr\u00e1vida de seis meses quando desapareceu em 11 de janeiro deste ano, no sudoeste do estado.<\/strong><\/p>\n<\/div>\n<\/div>\n<div class=\"wall protected-content\">\n<div id=\"chunk-10q\">\n<div class=\"mc-column content-text active-extra-styles\" data-block-type=\"raw\" data-block-weight=\"12\" data-block-id=\"4\">\n<p><strong>Segundo o MP-BA, a den\u00fancia foi feita pelo promotor de Justi\u00e7a Alex Bezerra Bacellar no dia 12 de julho, mas s\u00f3 foi divulgada pelo \u00f3rg\u00e3o na ter\u00e7a-feira (18). O pedido foi recebido pela Justi\u00e7a de Barra da Estiva, que ainda n\u00e3o deu resposta.<\/strong><\/p>\n<\/div>\n<\/div>\n<div id=\"chunk-7t2qs\">\n<div class=\"content-ads content-ads--reveal\" data-block-type=\"ads\" data-block-id=\"6\">\n<div id=\"banner_materia2\" class=\"tag-manager-publicidade-container mc-has-reveal mc-has-ad-lazyload tag-manager-publicidade-banner_materia2 tag-manager-publicidade-container--carregado tag-manager-publicidade-container--visivel\" data-id=\"banner_materia2\" data-google-query-id=\"CMK7-IPZmoADFSaWlQIdixUHXA\"><strong>As investiga\u00e7\u00f5es confirmaram que a v\u00edtima e o vereador tiveram uma rela\u00e7\u00e3o amorosa. Ela tem um filho de 2 anos com ele e estava gr\u00e1vida quando foi morta.\u00a0<\/strong><span style=\"color: #0000ff;\"><strong><a style=\"color: #0000ff;\" href=\"https:\/\/g1.globo.com\/ba\/bahia\/noticia\/2023\/07\/19\/gravida-desaparecida-na-bahia-ministerio-publico-denuncia-vereador-investigado-por-feminicidio.ghtml\">VEJA MAT\u00c9RIA COMPLETA\u00a0<\/a><\/strong><\/span><\/div>\n<\/div>\n<\/div>\n<\/div>\n","protected":false},"excerpt":{"rendered":"<p>O Minist\u00e9rio P\u00fablico da Bahia (MP-BA) denunciou o vereador de\u00a0Barra da Estiva, Valdinei da Silva Caires, pelo feminic\u00eddio de Beatriz Pires da Silva, agravado por motivo f\u00fatil e impossibilidade de defesa da v\u00edtima. A\u00a0jovem de 25 anos estava gr\u00e1vida de seis meses quando desapareceu em 11 de janeiro deste ano, no sudoeste do estado. Segundo [&hellip;]<\/p>\n","protected":false},"author":2,"featured_media":111471,"comment_status":"closed","ping_status":"open","sticky":false,"template":"","format":"standard","meta":{"footnotes":"","_links_to":"","_links_to_target":""},"categories":[1],"tags":[],"class_list":["post-111470","post","type-post","status-publish","format-standard","has-post-thumbnail","hentry","category-geral"],"views":840,"_links":{"self":[{"href":"https:\/\/www.sudoestehoje.com.br\/novoportal\/wp-json\/wp\/v2\/posts\/111470","targetHints":{"allow":["GET"]}}],"collection":[{"href":"https:\/\/www.sudoestehoje.com.br\/novoportal\/wp-json\/wp\/v2\/posts"}],"about":[{"href":"https:\/\/www.sudoestehoje.com.br\/novoportal\/wp-json\/wp\/v2\/types\/post"}],"author":[{"embeddable":true,"href":"https:\/\/www.sudoestehoje.com.br\/novoportal\/wp-json\/wp\/v2\/users\/2"}],"replies":[{"embeddable":true,"href":"https:\/\/www.sudoestehoje.com.br\/novoportal\/wp-json\/wp\/v2\/comments?post=111470"}],"version-history":[{"count":1,"href":"https:\/\/www.sudoestehoje.com.br\/novoportal\/wp-json\/wp\/v2\/posts\/111470\/revisions"}],"predecessor-version":[{"id":111472,"href":"https:\/\/www.sudoestehoje.com.br\/novoportal\/wp-json\/wp\/v2\/posts\/111470\/revisions\/111472"}],"wp:featuredmedia":[{"embeddable":true,"href":"https:\/\/www.sudoestehoje.com.br\/novoportal\/wp-json\/wp\/v2\/media\/111471"}],"wp:attachment":[{"href":"https:\/\/www.sudoestehoje.com.br\/novoportal\/wp-json\/wp\/v2\/media?parent=111470"}],"wp:term":[{"taxonomy":"category","embeddable":true,"href":"https:\/\/www.sudoestehoje.com.br\/novoportal\/wp-json\/wp\/v2\/categories?post=111470"},{"taxonomy":"post_tag","embeddable":true,"href":"https:\/\/www.sudoestehoje.com.br\/novoportal\/wp-json\/wp\/v2\/tags?post=111470"}],"curies":[{"name":"wp","href":"https:\/\/api.w.org\/{rel}","templated":true}]}}