
{"id":111462,"date":"2023-07-18T21:57:29","date_gmt":"2023-07-19T00:57:29","guid":{"rendered":"https:\/\/www.sudoestehoje.com.br\/novoportal\/?p=111462"},"modified":"2023-07-18T21:57:29","modified_gmt":"2023-07-19T00:57:29","slug":"maiquinique-professor-amilton-francisco-expoe-acervo-pessoal-que-conta-a-historia-do-municipio","status":"publish","type":"post","link":"https:\/\/www.sudoestehoje.com.br\/novoportal\/2023\/07\/18\/maiquinique-professor-amilton-francisco-expoe-acervo-pessoal-que-conta-a-historia-do-municipio\/","title":{"rendered":"MAIQUINIQUE | PROFESSOR AMILTON FRANCISCO EXP\u00d5E ACERVO PESSOAL QUE CONTA A HIST\u00d3RIA DO MUNIC\u00cdPIO"},"content":{"rendered":"<p><img loading=\"lazy\" decoding=\"async\" class=\"alignnone size-full wp-image-111341\" src=\"https:\/\/www.sudoestehoje.com.br\/novoportal\/wp-content\/uploads\/2023\/07\/BANNER-LINEUP-550x100-2.gif\" alt=\"\" width=\"550\" height=\"100\" \/><\/p>\n<p><img loading=\"lazy\" decoding=\"async\" class=\"alignnone  wp-image-111465\" src=\"https:\/\/www.sudoestehoje.com.br\/novoportal\/wp-content\/uploads\/2023\/07\/AMILTON-1-600x433.jpg\" alt=\"\" width=\"550\" height=\"397\" srcset=\"https:\/\/www.sudoestehoje.com.br\/novoportal\/wp-content\/uploads\/2023\/07\/AMILTON-1-600x433.jpg 600w, https:\/\/www.sudoestehoje.com.br\/novoportal\/wp-content\/uploads\/2023\/07\/AMILTON-1-700x505.jpg 700w, https:\/\/www.sudoestehoje.com.br\/novoportal\/wp-content\/uploads\/2023\/07\/AMILTON-1.jpg 768w\" sizes=\"auto, (max-width: 550px) 100vw, 550px\" \/><\/p>\n<p><strong>Na ocasi\u00e3o das comemora\u00e7\u00f5es dos 61 anos de Maiquinique, o professor e assistente social Amilton Francisco abriu as portas de sua casa para expor seu acervo pessoal de objetos que contam hist\u00f3rias e revelam mem\u00f3rias de nossa hist\u00f3ria maiquiniquense.<\/strong><\/p>\n<p><strong>Intitulada &#8220;I Exposi\u00e7\u00e3o Cultural em Antiguidades&#8221;, a exposi\u00e7\u00e3o \u00e9 um tour de mem\u00f3rias que celebra a hist\u00f3ria maiquiniquense. Est\u00e3o no acervo pessoal do curador: ferros \u00e0 brasa, panelas de arara, panelas de ferro, panelas de barro, pil\u00f5es, balaios e uma s\u00e9rie de outros objetos que s\u00e3o rastros de nossa mem\u00f3ria cultural.<\/strong><\/p>\n<p><img loading=\"lazy\" decoding=\"async\" class=\"alignnone  wp-image-111466\" src=\"https:\/\/www.sudoestehoje.com.br\/novoportal\/wp-content\/uploads\/2023\/07\/AMILTON-3-600x464.jpg\" alt=\"\" width=\"550\" height=\"425\" srcset=\"https:\/\/www.sudoestehoje.com.br\/novoportal\/wp-content\/uploads\/2023\/07\/AMILTON-3-600x464.jpg 600w, https:\/\/www.sudoestehoje.com.br\/novoportal\/wp-content\/uploads\/2023\/07\/AMILTON-3-700x541.jpg 700w, https:\/\/www.sudoestehoje.com.br\/novoportal\/wp-content\/uploads\/2023\/07\/AMILTON-3.jpg 754w\" sizes=\"auto, (max-width: 550px) 100vw, 550px\" \/><\/p>\n<p><strong>Para Amilton, a ideia de expor tais objetos implica num resgate da cultura de Maiquinique, de modo a servir \u00e0 comunidade de estudantes da educa\u00e7\u00e3o b\u00e1sica, acad\u00eamicos universit\u00e1rios, idosos e demais interessados em conhecer um pouco mais da hist\u00f3ria do povo de Maiquinique.<\/strong><\/p>\n<p><strong>A exposi\u00e7\u00e3o continua aberta at\u00e9 este s\u00e1bado, dia 22 de julho, no bairro Bela Vista. Al\u00e9m disso, o acervo do professor est\u00e1 \u00e0 disposi\u00e7\u00e3o de pesquisadores que queiram investigar, atrav\u00e9s destes objetos, fragmentos de nossa hist\u00f3ria.<\/strong><\/p>\n<p><img loading=\"lazy\" decoding=\"async\" class=\"alignnone  wp-image-111467\" src=\"https:\/\/www.sudoestehoje.com.br\/novoportal\/wp-content\/uploads\/2023\/07\/AMILTON-2-600x574.jpg\" alt=\"\" width=\"550\" height=\"526\" srcset=\"https:\/\/www.sudoestehoje.com.br\/novoportal\/wp-content\/uploads\/2023\/07\/AMILTON-2-600x574.jpg 600w, https:\/\/www.sudoestehoje.com.br\/novoportal\/wp-content\/uploads\/2023\/07\/AMILTON-2-700x670.jpg 700w, https:\/\/www.sudoestehoje.com.br\/novoportal\/wp-content\/uploads\/2023\/07\/AMILTON-2-768x735.jpg 768w, https:\/\/www.sudoestehoje.com.br\/novoportal\/wp-content\/uploads\/2023\/07\/AMILTON-2.jpg 774w\" sizes=\"auto, (max-width: 550px) 100vw, 550px\" \/><\/p>\n","protected":false},"excerpt":{"rendered":"<p>Na ocasi\u00e3o das comemora\u00e7\u00f5es dos 61 anos de Maiquinique, o professor e assistente social Amilton Francisco abriu as portas de sua casa para expor seu acervo pessoal de objetos que contam hist\u00f3rias e revelam mem\u00f3rias de nossa hist\u00f3ria maiquiniquense. Intitulada &#8220;I Exposi\u00e7\u00e3o Cultural em Antiguidades&#8221;, a exposi\u00e7\u00e3o \u00e9 um tour de mem\u00f3rias que celebra a [&hellip;]<\/p>\n","protected":false},"author":2,"featured_media":111465,"comment_status":"closed","ping_status":"open","sticky":false,"template":"","format":"standard","meta":{"footnotes":"","_links_to":"","_links_to_target":""},"categories":[1],"tags":[],"class_list":["post-111462","post","type-post","status-publish","format-standard","has-post-thumbnail","hentry","category-geral"],"views":1234,"_links":{"self":[{"href":"https:\/\/www.sudoestehoje.com.br\/novoportal\/wp-json\/wp\/v2\/posts\/111462","targetHints":{"allow":["GET"]}}],"collection":[{"href":"https:\/\/www.sudoestehoje.com.br\/novoportal\/wp-json\/wp\/v2\/posts"}],"about":[{"href":"https:\/\/www.sudoestehoje.com.br\/novoportal\/wp-json\/wp\/v2\/types\/post"}],"author":[{"embeddable":true,"href":"https:\/\/www.sudoestehoje.com.br\/novoportal\/wp-json\/wp\/v2\/users\/2"}],"replies":[{"embeddable":true,"href":"https:\/\/www.sudoestehoje.com.br\/novoportal\/wp-json\/wp\/v2\/comments?post=111462"}],"version-history":[{"count":4,"href":"https:\/\/www.sudoestehoje.com.br\/novoportal\/wp-json\/wp\/v2\/posts\/111462\/revisions"}],"predecessor-version":[{"id":111469,"href":"https:\/\/www.sudoestehoje.com.br\/novoportal\/wp-json\/wp\/v2\/posts\/111462\/revisions\/111469"}],"wp:featuredmedia":[{"embeddable":true,"href":"https:\/\/www.sudoestehoje.com.br\/novoportal\/wp-json\/wp\/v2\/media\/111465"}],"wp:attachment":[{"href":"https:\/\/www.sudoestehoje.com.br\/novoportal\/wp-json\/wp\/v2\/media?parent=111462"}],"wp:term":[{"taxonomy":"category","embeddable":true,"href":"https:\/\/www.sudoestehoje.com.br\/novoportal\/wp-json\/wp\/v2\/categories?post=111462"},{"taxonomy":"post_tag","embeddable":true,"href":"https:\/\/www.sudoestehoje.com.br\/novoportal\/wp-json\/wp\/v2\/tags?post=111462"}],"curies":[{"name":"wp","href":"https:\/\/api.w.org\/{rel}","templated":true}]}}