
{"id":111449,"date":"2023-07-17T19:40:34","date_gmt":"2023-07-17T22:40:34","guid":{"rendered":"https:\/\/www.sudoestehoje.com.br\/novoportal\/?p=111449"},"modified":"2023-07-17T19:41:16","modified_gmt":"2023-07-17T22:41:16","slug":"conquista-frentista-e-morto-a-tiros-em-posto-de-combustiveis-na-lagoa-das-flores","status":"publish","type":"post","link":"https:\/\/www.sudoestehoje.com.br\/novoportal\/2023\/07\/17\/conquista-frentista-e-morto-a-tiros-em-posto-de-combustiveis-na-lagoa-das-flores\/","title":{"rendered":"CONQUISTA | FRENTISTA \u00c9 MORTO A TIROS EM POSTO DE COMBUST\u00cdVEIS NA LAGOA DAS FLORES"},"content":{"rendered":"<p><img loading=\"lazy\" decoding=\"async\" class=\"alignnone size-full wp-image-111341\" src=\"https:\/\/www.sudoestehoje.com.br\/novoportal\/wp-content\/uploads\/2023\/07\/BANNER-LINEUP-550x100-2.gif\" alt=\"\" width=\"550\" height=\"100\" \/><\/p>\n<p><img loading=\"lazy\" decoding=\"async\" class=\"alignnone wp-image-111451\" src=\"https:\/\/www.sudoestehoje.com.br\/novoportal\/wp-content\/uploads\/2023\/07\/whatsapp-image-2023-07-17-at-10.34.29-600x300.webp\" alt=\"\" width=\"550\" height=\"275\" srcset=\"https:\/\/www.sudoestehoje.com.br\/novoportal\/wp-content\/uploads\/2023\/07\/whatsapp-image-2023-07-17-at-10.34.29-600x300.webp 600w, https:\/\/www.sudoestehoje.com.br\/novoportal\/wp-content\/uploads\/2023\/07\/whatsapp-image-2023-07-17-at-10.34.29-700x350.webp 700w, https:\/\/www.sudoestehoje.com.br\/novoportal\/wp-content\/uploads\/2023\/07\/whatsapp-image-2023-07-17-at-10.34.29-768x384.webp 768w, https:\/\/www.sudoestehoje.com.br\/novoportal\/wp-content\/uploads\/2023\/07\/whatsapp-image-2023-07-17-at-10.34.29.webp 984w\" sizes=\"auto, (max-width: 550px) 100vw, 550px\" \/><\/p>\n<p><strong>Um jovem frentista de 24 anos foi morto a tiros enquanto trabalhava em um posto de combust\u00edveis pr\u00f3ximo ao bairro Lagoa das Flores, em Vit\u00f3ria da Conquista, sudoeste da Bahia. O incidente ocorreu na tarde de domingo, dia 16, e foi capturado por c\u00e2meras de seguran\u00e7a que registraram o momento do crime.<\/strong><\/p>\n<p><strong>De acordo com as imagens, os suspeitos chegaram ao local em um carro vermelho e abordaram a v\u00edtima, identificada como Vinicius Rangel de Oliveira. O frentista estava parado em frente a uma das bombas quando um dos criminosos o instrui a entrar no ve\u00edculo. No entanto, a v\u00edtima tenta fugir e \u00e9 perseguida pelos dois suspeitos.<\/strong><\/p>\n<p><strong>Equipes do Servi\u00e7o de Atendimento M\u00f3vel de Urg\u00eancia (Samu) foram acionadas, mas infelizmente, ao chegarem ao posto de combust\u00edveis, Vinicius Rangel j\u00e1 havia falecido.<\/strong><\/p>\n<p><strong>O corpo do frentista foi encaminhado ao Departamento de Pol\u00edcia T\u00e9cnica (DPT) de Vit\u00f3ria da Conquista para realiza\u00e7\u00e3o de exames e per\u00edcia. A Pol\u00edcia Civil assumiu o caso e dar\u00e1 in\u00edcio \u00e0s investiga\u00e7\u00f5es, ouvindo testemunhas e analisando as imagens das c\u00e2meras de seguran\u00e7a para identificar os respons\u00e1veis pelo crime e sua motiva\u00e7\u00e3o.<\/strong><\/p>\n","protected":false},"excerpt":{"rendered":"<p>Um jovem frentista de 24 anos foi morto a tiros enquanto trabalhava em um posto de combust\u00edveis pr\u00f3ximo ao bairro Lagoa das Flores, em Vit\u00f3ria da Conquista, sudoeste da Bahia. O incidente ocorreu na tarde de domingo, dia 16, e foi capturado por c\u00e2meras de seguran\u00e7a que registraram o momento do crime. De acordo com [&hellip;]<\/p>\n","protected":false},"author":2,"featured_media":111451,"comment_status":"closed","ping_status":"open","sticky":false,"template":"","format":"standard","meta":{"footnotes":"","_links_to":"","_links_to_target":""},"categories":[1],"tags":[],"class_list":["post-111449","post","type-post","status-publish","format-standard","has-post-thumbnail","hentry","category-geral"],"views":1421,"_links":{"self":[{"href":"https:\/\/www.sudoestehoje.com.br\/novoportal\/wp-json\/wp\/v2\/posts\/111449","targetHints":{"allow":["GET"]}}],"collection":[{"href":"https:\/\/www.sudoestehoje.com.br\/novoportal\/wp-json\/wp\/v2\/posts"}],"about":[{"href":"https:\/\/www.sudoestehoje.com.br\/novoportal\/wp-json\/wp\/v2\/types\/post"}],"author":[{"embeddable":true,"href":"https:\/\/www.sudoestehoje.com.br\/novoportal\/wp-json\/wp\/v2\/users\/2"}],"replies":[{"embeddable":true,"href":"https:\/\/www.sudoestehoje.com.br\/novoportal\/wp-json\/wp\/v2\/comments?post=111449"}],"version-history":[{"count":3,"href":"https:\/\/www.sudoestehoje.com.br\/novoportal\/wp-json\/wp\/v2\/posts\/111449\/revisions"}],"predecessor-version":[{"id":111453,"href":"https:\/\/www.sudoestehoje.com.br\/novoportal\/wp-json\/wp\/v2\/posts\/111449\/revisions\/111453"}],"wp:featuredmedia":[{"embeddable":true,"href":"https:\/\/www.sudoestehoje.com.br\/novoportal\/wp-json\/wp\/v2\/media\/111451"}],"wp:attachment":[{"href":"https:\/\/www.sudoestehoje.com.br\/novoportal\/wp-json\/wp\/v2\/media?parent=111449"}],"wp:term":[{"taxonomy":"category","embeddable":true,"href":"https:\/\/www.sudoestehoje.com.br\/novoportal\/wp-json\/wp\/v2\/categories?post=111449"},{"taxonomy":"post_tag","embeddable":true,"href":"https:\/\/www.sudoestehoje.com.br\/novoportal\/wp-json\/wp\/v2\/tags?post=111449"}],"curies":[{"name":"wp","href":"https:\/\/api.w.org\/{rel}","templated":true}]}}