
{"id":111439,"date":"2023-07-17T08:30:14","date_gmt":"2023-07-17T11:30:14","guid":{"rendered":"https:\/\/www.sudoestehoje.com.br\/novoportal\/?p=111439"},"modified":"2023-07-17T08:30:14","modified_gmt":"2023-07-17T11:30:14","slug":"regiao-em-maiquinique-governador-jeronimo-autoriza-realizacao-de-projeto-para-asfaltar-estrada-de-jordania","status":"publish","type":"post","link":"https:\/\/www.sudoestehoje.com.br\/novoportal\/2023\/07\/17\/regiao-em-maiquinique-governador-jeronimo-autoriza-realizacao-de-projeto-para-asfaltar-estrada-de-jordania\/","title":{"rendered":"REGI\u00c3O : EM MAIQUINIQUE, GOVERNADOR JER\u00d4NIMO AUTORIZA REALIZA\u00c7\u00c3O DE PROJETO PARA ASFALTAR ESTRADA DE JORD\u00c2NIA"},"content":{"rendered":"<p><img loading=\"lazy\" decoding=\"async\" class=\"alignnone size-full wp-image-111341\" src=\"https:\/\/www.sudoestehoje.com.br\/novoportal\/wp-content\/uploads\/2023\/07\/BANNER-LINEUP-550x100-2.gif\" alt=\"\" width=\"550\" height=\"100\" \/><\/p>\n<p><img loading=\"lazy\" decoding=\"async\" class=\"alignnone  wp-image-111441\" src=\"https:\/\/www.sudoestehoje.com.br\/novoportal\/wp-content\/uploads\/2023\/07\/WhatsApp-Image-2023-07-16-at-22.37.54-600x338.jpeg\" alt=\"\" width=\"549\" height=\"309\" srcset=\"https:\/\/www.sudoestehoje.com.br\/novoportal\/wp-content\/uploads\/2023\/07\/WhatsApp-Image-2023-07-16-at-22.37.54-600x338.jpeg 600w, https:\/\/www.sudoestehoje.com.br\/novoportal\/wp-content\/uploads\/2023\/07\/WhatsApp-Image-2023-07-16-at-22.37.54-700x394.jpeg 700w, https:\/\/www.sudoestehoje.com.br\/novoportal\/wp-content\/uploads\/2023\/07\/WhatsApp-Image-2023-07-16-at-22.37.54-768x432.jpeg 768w, https:\/\/www.sudoestehoje.com.br\/novoportal\/wp-content\/uploads\/2023\/07\/WhatsApp-Image-2023-07-16-at-22.37.54-1536x864.jpeg 1536w, https:\/\/www.sudoestehoje.com.br\/novoportal\/wp-content\/uploads\/2023\/07\/WhatsApp-Image-2023-07-16-at-22.37.54.jpeg 1600w\" sizes=\"auto, (max-width: 549px) 100vw, 549px\" \/><\/p>\n<p><strong>O governador Jer\u00f4nimo Rodrigues visitou a cidade de Maiquinique, neste domingo (16), e anuncia investimentos na sa\u00fade e infraestrutura, e garantiu que vai realizar o sonho de milhares de moradores da regi\u00e3o, o asfaltamento da parte baiana da rodovia que liga a Bahia a Minas Gerais, via Jord\u00e2nia. <\/strong><\/p>\n<p><strong>Numa a\u00e7\u00e3o pioneira, o governador Jer\u00f4nimo Rodrigues anunciou a autoriza\u00e7\u00e3o para elabora\u00e7\u00e3o do projeto de engenharia para o asfaltamento de 37 quil\u00f4metros da estrada que liga Maiquinique \u00e0 divisa da Bahia com Minas Gerais. <\/strong><\/p>\n<p><strong>Segundo a prefeita Val\u00e9ria Silveira,essa obra \u00e9 um antigo sonho dos produtores rurais e de milhares de moradores que dependem da estrada para se locomover entre os dois estados constantemente. Val\u00e9ria ainda comentou que o desenvolvimento econ\u00f4mico do agroneg\u00f3cio ser\u00e1 impulsionado com o asfalto .<\/strong><\/p>\n<p><strong>EQUIPAMENTOS DE SA\u00daDE<\/strong><\/p>\n<p><strong>Jer\u00f4nimo ainda entregou ao munic\u00edpio de Maiquinique, equipamentos para o Hospital Maternidade Municipal, como um aparelho de ultrassom com ecocardi\u00f3grafo e outros itens. Tamb\u00e9m na \u00e1rea da Sa\u00fade, ele entregou para a cidade uma ambul\u00e2ncia, al\u00e9m de kits de Unidade B\u00e1sica de Sa\u00fade e Odontol\u00f3gico.<\/strong><\/p>\n<p><strong>A agenda em Maiquinique incluiu a visita aos estandes da Semana Cultural no munic\u00edpio em comemora\u00e7\u00e3o aos 61 anos de Emancipa\u00e7\u00e3o Pol\u00edtica.Ainda em Maiquinique Jer\u00f4nimo visitou a unidade do SAC M\u00f3vel. Jer\u00f4nimo finalizou a visita agradecendo o carinho recebido em Maiquinique e reafirmou o compromisso de trazer mais investimentos pro munic\u00edpio na gest\u00e3o da prefeita Val\u00e9ria Silveira e do vice Kayke Jardim. <em>\/\/Ascom &#8211; C\u00edcero Dantas<\/em><\/strong><\/p>\n","protected":false},"excerpt":{"rendered":"<p>O governador Jer\u00f4nimo Rodrigues visitou a cidade de Maiquinique, neste domingo (16), e anuncia investimentos na sa\u00fade e infraestrutura, e garantiu que vai realizar o sonho de milhares de moradores da regi\u00e3o, o asfaltamento da parte baiana da rodovia que liga a Bahia a Minas Gerais, via Jord\u00e2nia. Numa a\u00e7\u00e3o pioneira, o governador Jer\u00f4nimo Rodrigues [&hellip;]<\/p>\n","protected":false},"author":2,"featured_media":111441,"comment_status":"closed","ping_status":"open","sticky":false,"template":"","format":"standard","meta":{"footnotes":"","_links_to":"","_links_to_target":""},"categories":[1],"tags":[],"class_list":["post-111439","post","type-post","status-publish","format-standard","has-post-thumbnail","hentry","category-geral"],"views":1868,"_links":{"self":[{"href":"https:\/\/www.sudoestehoje.com.br\/novoportal\/wp-json\/wp\/v2\/posts\/111439","targetHints":{"allow":["GET"]}}],"collection":[{"href":"https:\/\/www.sudoestehoje.com.br\/novoportal\/wp-json\/wp\/v2\/posts"}],"about":[{"href":"https:\/\/www.sudoestehoje.com.br\/novoportal\/wp-json\/wp\/v2\/types\/post"}],"author":[{"embeddable":true,"href":"https:\/\/www.sudoestehoje.com.br\/novoportal\/wp-json\/wp\/v2\/users\/2"}],"replies":[{"embeddable":true,"href":"https:\/\/www.sudoestehoje.com.br\/novoportal\/wp-json\/wp\/v2\/comments?post=111439"}],"version-history":[{"count":2,"href":"https:\/\/www.sudoestehoje.com.br\/novoportal\/wp-json\/wp\/v2\/posts\/111439\/revisions"}],"predecessor-version":[{"id":111442,"href":"https:\/\/www.sudoestehoje.com.br\/novoportal\/wp-json\/wp\/v2\/posts\/111439\/revisions\/111442"}],"wp:featuredmedia":[{"embeddable":true,"href":"https:\/\/www.sudoestehoje.com.br\/novoportal\/wp-json\/wp\/v2\/media\/111441"}],"wp:attachment":[{"href":"https:\/\/www.sudoestehoje.com.br\/novoportal\/wp-json\/wp\/v2\/media?parent=111439"}],"wp:term":[{"taxonomy":"category","embeddable":true,"href":"https:\/\/www.sudoestehoje.com.br\/novoportal\/wp-json\/wp\/v2\/categories?post=111439"},{"taxonomy":"post_tag","embeddable":true,"href":"https:\/\/www.sudoestehoje.com.br\/novoportal\/wp-json\/wp\/v2\/tags?post=111439"}],"curies":[{"name":"wp","href":"https:\/\/api.w.org\/{rel}","templated":true}]}}