
{"id":111428,"date":"2023-07-16T20:54:45","date_gmt":"2023-07-16T23:54:45","guid":{"rendered":"https:\/\/www.sudoestehoje.com.br\/novoportal\/?p=111428"},"modified":"2023-07-16T21:45:25","modified_gmt":"2023-07-17T00:45:25","slug":"itapetinga-katia-espinheira-assume-coordenacao-institucional-da-fundacao-jose-silveira-hospital-cristo-redentor","status":"publish","type":"post","link":"https:\/\/www.sudoestehoje.com.br\/novoportal\/2023\/07\/16\/itapetinga-katia-espinheira-assume-coordenacao-institucional-da-fundacao-jose-silveira-hospital-cristo-redentor\/","title":{"rendered":"ITAPETINGA | K\u00c1TIA ESPINHEIRA ASSUME COORDENA\u00c7\u00c3O INSTITUCIONAL DA FUNDA\u00c7\u00c3O JOS\u00c9 SILVEIRA &#8211; HOSPITAL CRISTO REDENTOR"},"content":{"rendered":"<p><img loading=\"lazy\" decoding=\"async\" class=\"alignnone size-full wp-image-111341\" src=\"https:\/\/www.sudoestehoje.com.br\/novoportal\/wp-content\/uploads\/2023\/07\/BANNER-LINEUP-550x100-2.gif\" alt=\"\" width=\"550\" height=\"100\" \/><\/p>\n<p><img loading=\"lazy\" decoding=\"async\" class=\"alignnone wp-image-111431\" src=\"https:\/\/www.sudoestehoje.com.br\/novoportal\/wp-content\/uploads\/2023\/07\/4233fcf7-9af1-4fc5-b350-dfb228152c29-600x481.jpg\" alt=\"\" width=\"549\" height=\"440\" srcset=\"https:\/\/www.sudoestehoje.com.br\/novoportal\/wp-content\/uploads\/2023\/07\/4233fcf7-9af1-4fc5-b350-dfb228152c29-600x481.jpg 600w, https:\/\/www.sudoestehoje.com.br\/novoportal\/wp-content\/uploads\/2023\/07\/4233fcf7-9af1-4fc5-b350-dfb228152c29-700x561.jpg 700w, https:\/\/www.sudoestehoje.com.br\/novoportal\/wp-content\/uploads\/2023\/07\/4233fcf7-9af1-4fc5-b350-dfb228152c29-768x616.jpg 768w, https:\/\/www.sudoestehoje.com.br\/novoportal\/wp-content\/uploads\/2023\/07\/4233fcf7-9af1-4fc5-b350-dfb228152c29.jpg 1189w\" sizes=\"auto, (max-width: 549px) 100vw, 549px\" \/><\/p>\n<p><strong>Na \u00faltima sexta-feira (14), a ex vice-prefeita de Itapetinga, K\u00e1tia Cabral Espinheira, assumiu formalmente a Coordena\u00e7\u00e3o Institucional do Hospital Cristo Redentor, administrado pela Funda\u00e7\u00e3o Jos\u00e9 Silveira, cargo que j\u00e1 foi ocupado pelo advogado e ex-vereador (em mem\u00f3ria), Leonardo Matos.<\/strong><\/p>\n<p><strong>A coordena\u00e7\u00e3o institucional n\u00e3o tem rela\u00e7\u00e3o com a \u00e1rea m\u00e9dica do hospital, cuidando apenas da representa\u00e7\u00e3o da institui\u00e7\u00e3o nas demandas com outras institui\u00e7\u00f5es, sejam p\u00fablicas ou privadas, como aut\u00eantica representante da Funda\u00e7\u00e3o Jos\u00e9 Silveira no munic\u00edpio de Itapetinga.<\/strong><\/p>\n<p><strong>O ato de nomea\u00e7\u00e3o aconteceu na \u00faltima sexta-feira, sob a coordena\u00e7\u00e3o do Superintendente Administrativo e Financeiro da Funda\u00e7\u00e3o Jos\u00e9 Silveira na Bahia, Dr. Carlos Dumet, em ato solene no Hospital Cristo Redentor.<\/strong><\/p>\n<p><strong>Por Davi Ferraz<\/strong><\/p>\n","protected":false},"excerpt":{"rendered":"<p>Na \u00faltima sexta-feira (14), a ex vice-prefeita de Itapetinga, K\u00e1tia Cabral Espinheira, assumiu formalmente a Coordena\u00e7\u00e3o Institucional do Hospital Cristo Redentor, administrado pela Funda\u00e7\u00e3o Jos\u00e9 Silveira, cargo que j\u00e1 foi ocupado pelo advogado e ex-vereador (em mem\u00f3ria), Leonardo Matos. A coordena\u00e7\u00e3o institucional n\u00e3o tem rela\u00e7\u00e3o com a \u00e1rea m\u00e9dica do hospital, cuidando apenas da representa\u00e7\u00e3o [&hellip;]<\/p>\n","protected":false},"author":2,"featured_media":111431,"comment_status":"closed","ping_status":"open","sticky":false,"template":"","format":"standard","meta":{"footnotes":"","_links_to":"","_links_to_target":""},"categories":[1],"tags":[],"class_list":["post-111428","post","type-post","status-publish","format-standard","has-post-thumbnail","hentry","category-geral"],"views":1062,"_links":{"self":[{"href":"https:\/\/www.sudoestehoje.com.br\/novoportal\/wp-json\/wp\/v2\/posts\/111428","targetHints":{"allow":["GET"]}}],"collection":[{"href":"https:\/\/www.sudoestehoje.com.br\/novoportal\/wp-json\/wp\/v2\/posts"}],"about":[{"href":"https:\/\/www.sudoestehoje.com.br\/novoportal\/wp-json\/wp\/v2\/types\/post"}],"author":[{"embeddable":true,"href":"https:\/\/www.sudoestehoje.com.br\/novoportal\/wp-json\/wp\/v2\/users\/2"}],"replies":[{"embeddable":true,"href":"https:\/\/www.sudoestehoje.com.br\/novoportal\/wp-json\/wp\/v2\/comments?post=111428"}],"version-history":[{"count":9,"href":"https:\/\/www.sudoestehoje.com.br\/novoportal\/wp-json\/wp\/v2\/posts\/111428\/revisions"}],"predecessor-version":[{"id":111438,"href":"https:\/\/www.sudoestehoje.com.br\/novoportal\/wp-json\/wp\/v2\/posts\/111428\/revisions\/111438"}],"wp:featuredmedia":[{"embeddable":true,"href":"https:\/\/www.sudoestehoje.com.br\/novoportal\/wp-json\/wp\/v2\/media\/111431"}],"wp:attachment":[{"href":"https:\/\/www.sudoestehoje.com.br\/novoportal\/wp-json\/wp\/v2\/media?parent=111428"}],"wp:term":[{"taxonomy":"category","embeddable":true,"href":"https:\/\/www.sudoestehoje.com.br\/novoportal\/wp-json\/wp\/v2\/categories?post=111428"},{"taxonomy":"post_tag","embeddable":true,"href":"https:\/\/www.sudoestehoje.com.br\/novoportal\/wp-json\/wp\/v2\/tags?post=111428"}],"curies":[{"name":"wp","href":"https:\/\/api.w.org\/{rel}","templated":true}]}}