
{"id":111415,"date":"2023-07-16T18:33:03","date_gmt":"2023-07-16T21:33:03","guid":{"rendered":"https:\/\/www.sudoestehoje.com.br\/novoportal\/?p=111415"},"modified":"2023-07-17T09:13:16","modified_gmt":"2023-07-17T12:13:16","slug":"itapetinga-confira-decisao-judicial-que-considerou-ilegal-greve-dos-professores","status":"publish","type":"post","link":"https:\/\/www.sudoestehoje.com.br\/novoportal\/2023\/07\/16\/itapetinga-confira-decisao-judicial-que-considerou-ilegal-greve-dos-professores\/","title":{"rendered":"ITAPETINGA | CONFIRA DECIS\u00c3O JUDICIAL QUE CONSIDEROU ILEGAL GREVE DOS PROFESSORES"},"content":{"rendered":"<p><img loading=\"lazy\" decoding=\"async\" class=\"alignnone size-full wp-image-111341\" src=\"https:\/\/www.sudoestehoje.com.br\/novoportal\/wp-content\/uploads\/2023\/07\/BANNER-LINEUP-550x100-2.gif\" alt=\"\" width=\"550\" height=\"100\" \/><\/p>\n<p><img loading=\"lazy\" decoding=\"async\" class=\"alignnone wp-image-111418\" src=\"https:\/\/www.sudoestehoje.com.br\/novoportal\/wp-content\/uploads\/2023\/07\/WhatsApp-Image-2023-07-16-at-18.28.03-600x513.jpeg\" alt=\"\" width=\"551\" height=\"471\" srcset=\"https:\/\/www.sudoestehoje.com.br\/novoportal\/wp-content\/uploads\/2023\/07\/WhatsApp-Image-2023-07-16-at-18.28.03-600x513.jpeg 600w, https:\/\/www.sudoestehoje.com.br\/novoportal\/wp-content\/uploads\/2023\/07\/WhatsApp-Image-2023-07-16-at-18.28.03-700x598.jpeg 700w, https:\/\/www.sudoestehoje.com.br\/novoportal\/wp-content\/uploads\/2023\/07\/WhatsApp-Image-2023-07-16-at-18.28.03-768x656.jpeg 768w, https:\/\/www.sudoestehoje.com.br\/novoportal\/wp-content\/uploads\/2023\/07\/WhatsApp-Image-2023-07-16-at-18.28.03.jpeg 1077w\" sizes=\"auto, (max-width: 551px) 100vw, 551px\" \/><\/p>\n<p><strong>Na \u00faltima sexta-feira (14), o Sudoeste Hoje divulgou em primeira m\u00e3o a decis\u00e3o do Tribunal de Justi\u00e7a da Bahia que julgou ilegal a greve dos professores da rede municipal de Itapetinga, determinando o retorno imediato \u00e0s aulas, imputando multa \u00e0 APLB em caso de desobedi\u00eancia e autorizando o corte de pontos dos professores em greve, com consequente corte dos dias parados em seus sal\u00e1rios.\u00a0<\/strong><strong> <em>Confira \u00edntegra da decis\u00e3o do TJ:<\/em><\/strong><\/p>\n<p><span style=\"color: #0000ff;\"><strong><a style=\"color: #0000ff;\" href=\"https:\/\/www.sudoestehoje.com.br\/novoportal\/wp-content\/uploads\/2023\/07\/Decisao.pdf\">DECIS\u00c3O JUDICIAL &#8211; GREVE ILEGAL<\/a><\/strong><\/span><\/p>\n","protected":false},"excerpt":{"rendered":"<p>Na \u00faltima sexta-feira (14), o Sudoeste Hoje divulgou em primeira m\u00e3o a decis\u00e3o do Tribunal de Justi\u00e7a da Bahia que julgou ilegal a greve dos professores da rede municipal de Itapetinga, determinando o retorno imediato \u00e0s aulas, imputando multa \u00e0 APLB em caso de desobedi\u00eancia e autorizando o corte de pontos dos professores em greve, [&hellip;]<\/p>\n","protected":false},"author":2,"featured_media":111418,"comment_status":"closed","ping_status":"open","sticky":false,"template":"","format":"standard","meta":{"footnotes":"","_links_to":"","_links_to_target":""},"categories":[1],"tags":[],"class_list":["post-111415","post","type-post","status-publish","format-standard","has-post-thumbnail","hentry","category-geral"],"views":1074,"_links":{"self":[{"href":"https:\/\/www.sudoestehoje.com.br\/novoportal\/wp-json\/wp\/v2\/posts\/111415","targetHints":{"allow":["GET"]}}],"collection":[{"href":"https:\/\/www.sudoestehoje.com.br\/novoportal\/wp-json\/wp\/v2\/posts"}],"about":[{"href":"https:\/\/www.sudoestehoje.com.br\/novoportal\/wp-json\/wp\/v2\/types\/post"}],"author":[{"embeddable":true,"href":"https:\/\/www.sudoestehoje.com.br\/novoportal\/wp-json\/wp\/v2\/users\/2"}],"replies":[{"embeddable":true,"href":"https:\/\/www.sudoestehoje.com.br\/novoportal\/wp-json\/wp\/v2\/comments?post=111415"}],"version-history":[{"count":10,"href":"https:\/\/www.sudoestehoje.com.br\/novoportal\/wp-json\/wp\/v2\/posts\/111415\/revisions"}],"predecessor-version":[{"id":111443,"href":"https:\/\/www.sudoestehoje.com.br\/novoportal\/wp-json\/wp\/v2\/posts\/111415\/revisions\/111443"}],"wp:featuredmedia":[{"embeddable":true,"href":"https:\/\/www.sudoestehoje.com.br\/novoportal\/wp-json\/wp\/v2\/media\/111418"}],"wp:attachment":[{"href":"https:\/\/www.sudoestehoje.com.br\/novoportal\/wp-json\/wp\/v2\/media?parent=111415"}],"wp:term":[{"taxonomy":"category","embeddable":true,"href":"https:\/\/www.sudoestehoje.com.br\/novoportal\/wp-json\/wp\/v2\/categories?post=111415"},{"taxonomy":"post_tag","embeddable":true,"href":"https:\/\/www.sudoestehoje.com.br\/novoportal\/wp-json\/wp\/v2\/tags?post=111415"}],"curies":[{"name":"wp","href":"https:\/\/api.w.org\/{rel}","templated":true}]}}