
{"id":111404,"date":"2023-07-14T20:41:50","date_gmt":"2023-07-14T23:41:50","guid":{"rendered":"https:\/\/www.sudoestehoje.com.br\/novoportal\/?p=111404"},"modified":"2023-07-14T21:48:11","modified_gmt":"2023-07-15T00:48:11","slug":"urgente-justica-considera-ilegal-a-greve-dos-professores-em-itapetinga","status":"publish","type":"post","link":"https:\/\/www.sudoestehoje.com.br\/novoportal\/2023\/07\/14\/urgente-justica-considera-ilegal-a-greve-dos-professores-em-itapetinga\/","title":{"rendered":"URGENTE ! JUSTI\u00c7A CONSIDERA ILEGAL A GREVE DOS PROFESSORES EM ITAPETINGA"},"content":{"rendered":"<p><a href=\"https:\/\/www.sudoestehoje.com.br\/novoportal\/wp-content\/uploads\/2023\/07\/BANNER-LINEUP-550x100-2.gif\"><img loading=\"lazy\" decoding=\"async\" class=\"aligncenter size-full wp-image-111341\" src=\"https:\/\/www.sudoestehoje.com.br\/novoportal\/wp-content\/uploads\/2023\/07\/BANNER-LINEUP-550x100-2.gif\" alt=\"\" width=\"550\" height=\"100\" \/><\/a><\/p>\n<p><a href=\"https:\/\/www.sudoestehoje.com.br\/novoportal\/wp-content\/uploads\/2023\/07\/Snapinsta.app_1080_330616424_1218052965803120_6831840956226661215_n.jpg\"><img loading=\"lazy\" decoding=\"async\" class=\"aligncenter wp-image-111405\" src=\"https:\/\/www.sudoestehoje.com.br\/novoportal\/wp-content\/uploads\/2023\/07\/Snapinsta.app_1080_330616424_1218052965803120_6831840956226661215_n-600x381.jpg\" alt=\"\" width=\"550\" height=\"349\" srcset=\"https:\/\/www.sudoestehoje.com.br\/novoportal\/wp-content\/uploads\/2023\/07\/Snapinsta.app_1080_330616424_1218052965803120_6831840956226661215_n-600x381.jpg 600w, https:\/\/www.sudoestehoje.com.br\/novoportal\/wp-content\/uploads\/2023\/07\/Snapinsta.app_1080_330616424_1218052965803120_6831840956226661215_n.jpg 630w\" sizes=\"auto, (max-width: 550px) 100vw, 550px\" \/><\/a><\/p>\n<p><strong>Em decis\u00e3o tomada na tarde desta sexta-feira (14), o Tribunal de Justi\u00e7a da Bahia considerou ILEGAL a greve de professores municipais, decretada pela APLB, no munic\u00edpio de Itapetinga.<\/strong><\/p>\n<p><strong>Al\u00e9m de considerar abusiva e ilegal a greve dos professores, a justi\u00e7a determinou tamb\u00e9m\u00a0 o retorno imediato dos educadores \u00e0s salas de aula, sob pena de multa di\u00e1ria de R$ 10 mil reais, e autorizou o corte dos sal\u00e1rios equivalentes aos dias paralisados.<\/strong><\/p>\n<p><strong>AGUARDEM MAIS INFORMA\u00c7\u00d5ES&#8230;<\/strong><\/p>\n<p><strong>Por Davi Ferraz<\/strong><\/p>\n","protected":false},"excerpt":{"rendered":"<p>Em decis\u00e3o tomada na tarde desta sexta-feira (14), o Tribunal de Justi\u00e7a da Bahia considerou ILEGAL a greve de professores municipais, decretada pela APLB, no munic\u00edpio de Itapetinga. Al\u00e9m de considerar abusiva e ilegal a greve dos professores, a justi\u00e7a determinou tamb\u00e9m\u00a0 o retorno imediato dos educadores \u00e0s salas de aula, sob pena de multa [&hellip;]<\/p>\n","protected":false},"author":2,"featured_media":111405,"comment_status":"closed","ping_status":"open","sticky":false,"template":"","format":"standard","meta":{"footnotes":"","_links_to":"","_links_to_target":""},"categories":[1],"tags":[],"class_list":["post-111404","post","type-post","status-publish","format-standard","has-post-thumbnail","hentry","category-geral"],"views":1476,"_links":{"self":[{"href":"https:\/\/www.sudoestehoje.com.br\/novoportal\/wp-json\/wp\/v2\/posts\/111404","targetHints":{"allow":["GET"]}}],"collection":[{"href":"https:\/\/www.sudoestehoje.com.br\/novoportal\/wp-json\/wp\/v2\/posts"}],"about":[{"href":"https:\/\/www.sudoestehoje.com.br\/novoportal\/wp-json\/wp\/v2\/types\/post"}],"author":[{"embeddable":true,"href":"https:\/\/www.sudoestehoje.com.br\/novoportal\/wp-json\/wp\/v2\/users\/2"}],"replies":[{"embeddable":true,"href":"https:\/\/www.sudoestehoje.com.br\/novoportal\/wp-json\/wp\/v2\/comments?post=111404"}],"version-history":[{"count":5,"href":"https:\/\/www.sudoestehoje.com.br\/novoportal\/wp-json\/wp\/v2\/posts\/111404\/revisions"}],"predecessor-version":[{"id":111410,"href":"https:\/\/www.sudoestehoje.com.br\/novoportal\/wp-json\/wp\/v2\/posts\/111404\/revisions\/111410"}],"wp:featuredmedia":[{"embeddable":true,"href":"https:\/\/www.sudoestehoje.com.br\/novoportal\/wp-json\/wp\/v2\/media\/111405"}],"wp:attachment":[{"href":"https:\/\/www.sudoestehoje.com.br\/novoportal\/wp-json\/wp\/v2\/media?parent=111404"}],"wp:term":[{"taxonomy":"category","embeddable":true,"href":"https:\/\/www.sudoestehoje.com.br\/novoportal\/wp-json\/wp\/v2\/categories?post=111404"},{"taxonomy":"post_tag","embeddable":true,"href":"https:\/\/www.sudoestehoje.com.br\/novoportal\/wp-json\/wp\/v2\/tags?post=111404"}],"curies":[{"name":"wp","href":"https:\/\/api.w.org\/{rel}","templated":true}]}}