
{"id":111397,"date":"2023-07-14T09:41:00","date_gmt":"2023-07-14T12:41:00","guid":{"rendered":"https:\/\/www.sudoestehoje.com.br\/novoportal\/?p=111397"},"modified":"2023-07-14T21:49:09","modified_gmt":"2023-07-15T00:49:09","slug":"itapetinga-davi-ferraz-defende-projeto-de-despoluicao-do-rio-catole-com-dragagem-e-recomposicao-da-mata-ciliar","status":"publish","type":"post","link":"https:\/\/www.sudoestehoje.com.br\/novoportal\/2023\/07\/14\/itapetinga-davi-ferraz-defende-projeto-de-despoluicao-do-rio-catole-com-dragagem-e-recomposicao-da-mata-ciliar\/","title":{"rendered":"ITAPETINGA | DAVI FERRAZ DEFENDE PROJETO DE DESPOLUI\u00c7\u00c3O DO RIO CATOL\u00c9, COM DRAGAGEM E RECOMPOSI\u00c7\u00c3O DA MATA CILIAR"},"content":{"rendered":"<p><a href=\"https:\/\/www.sudoestehoje.com.br\/novoportal\/wp-content\/uploads\/2023\/07\/BANNER-LINEUP-550x100-2.gif\"><img loading=\"lazy\" decoding=\"async\" class=\"aligncenter size-full wp-image-111341\" src=\"https:\/\/www.sudoestehoje.com.br\/novoportal\/wp-content\/uploads\/2023\/07\/BANNER-LINEUP-550x100-2.gif\" alt=\"\" width=\"550\" height=\"100\" \/><\/a><\/p>\n<p><a href=\"https:\/\/www.sudoestehoje.com.br\/novoportal\/wp-content\/uploads\/2023\/07\/Rio-Catole-5.jpg\"><img loading=\"lazy\" decoding=\"async\" class=\"aligncenter wp-image-111399\" src=\"https:\/\/www.sudoestehoje.com.br\/novoportal\/wp-content\/uploads\/2023\/07\/Rio-Catole-5-600x417.jpg\" alt=\"\" width=\"551\" height=\"383\" srcset=\"https:\/\/www.sudoestehoje.com.br\/novoportal\/wp-content\/uploads\/2023\/07\/Rio-Catole-5-600x417.jpg 600w, https:\/\/www.sudoestehoje.com.br\/novoportal\/wp-content\/uploads\/2023\/07\/Rio-Catole-5-700x487.jpg 700w, https:\/\/www.sudoestehoje.com.br\/novoportal\/wp-content\/uploads\/2023\/07\/Rio-Catole-5.jpg 716w\" sizes=\"auto, (max-width: 551px) 100vw, 551px\" \/><\/a><\/p>\n<p><strong>Uma das demandas mais importantes e urgentes do munic\u00edpio de Itapetinga \u00e9, sem sobra de d\u00favidas, a despolui\u00e7\u00e3o do Rio Catol\u00e9, totalmente comprometido pelo despejo de esgotos em toda a sua extens\u00e3o urbana.<\/strong><\/p>\n<p><strong><em>&#8220;A quest\u00e3o da despolui\u00e7\u00e3o do Catol\u00e9 \u00e9 complexa e cara, o que dificulta a sua execu\u00e7\u00e3o, mas precisa ser enfrentada de frente pelos futuros gestores municipais e toda a sociedade local&#8221;<\/em>, defende o advogado Davi Ferraz, um dos postulantes ao cargo de prefeito, nas pr\u00f3ximas elei\u00e7\u00f5es.<\/strong><\/p>\n<p><strong><em>&#8220;Na sua \u00faltima gest\u00e3o, o prefeito Michel Hagge iniciou a execu\u00e7\u00e3o de um projeto de despolui\u00e7\u00e3o do nosso rio, com financiamento da Caixa Econ\u00f4mica Federal, mas acabou sendo interrompido pelo seu sucessor, o ex-prefeito Z\u00e9 Carlos (PT), por descaso e incompet\u00eancia, mesmo com um montante de mais de R$ 6 milh\u00f5es \u00e0 sua disposi\u00e7\u00e3o em conta corrente na Caixa. A irresponsabilidade do ex-gestor criou enormes embara\u00e7os e dificuldades legais ao atual prefeito Rodrigo Hagge, que tentou prosseguir com o projeto, mas n\u00e3o pode, porque o munic\u00edpio ficou inadimplente com a Caixa, impossibilitando a concess\u00e3o de novo empr\u00e9stimo&#8221;<\/em>, comentou Davi Ferraz.<\/strong><\/p>\n<p><strong>Continuando o seu coment\u00e1rio, Davi lembrou que o pr\u00f3ximo passo \u00e9 renegociar toda a d\u00edvida com a Caixa, atualizar pend\u00eancias com o CAUC (Tesouro Nacional) e correr em busca de recursos federais em Bras\u00edlia, aproveitando o novo Marco do Saneamento, recentemente aprovado.<\/strong><\/p>\n<p><strong><em>&#8220;O Rio Catol\u00e9 \u00e9 uma esp\u00e9cie de &#8216;paciente terminal sem UTI. Est\u00e1 morrendo \u00e0 mingua e necessita de socorro urgente. N\u00e3o d\u00e1 mais para adiar a sua recupera\u00e7\u00e3o, antes que ele morra&#8221;,<\/em> alertou<em>. O nosso projeto de recupera\u00e7\u00e3o envolve o tratamento geral dos esgotos sanit\u00e1rios, dragagem, reconstitui\u00e7\u00e3o da Mata Ciliar e requalifica\u00e7\u00e3o de toda a sua margem, no per\u00edmetro urbano. \u00e8 caro, mas d\u00e1 para fazer&#8221;<\/em>, concluiu Davi.<\/strong><\/p>\n<p><strong>Reda\u00e7\u00e3o<\/strong><\/p>\n","protected":false},"excerpt":{"rendered":"<p>Uma das demandas mais importantes e urgentes do munic\u00edpio de Itapetinga \u00e9, sem sobra de d\u00favidas, a despolui\u00e7\u00e3o do Rio Catol\u00e9, totalmente comprometido pelo despejo de esgotos em toda a sua extens\u00e3o urbana. &#8220;A quest\u00e3o da despolui\u00e7\u00e3o do Catol\u00e9 \u00e9 complexa e cara, o que dificulta a sua execu\u00e7\u00e3o, mas precisa ser enfrentada de frente [&hellip;]<\/p>\n","protected":false},"author":2,"featured_media":111399,"comment_status":"closed","ping_status":"open","sticky":false,"template":"","format":"standard","meta":{"footnotes":"","_links_to":"","_links_to_target":""},"categories":[1],"tags":[],"class_list":["post-111397","post","type-post","status-publish","format-standard","has-post-thumbnail","hentry","category-geral"],"views":1146,"_links":{"self":[{"href":"https:\/\/www.sudoestehoje.com.br\/novoportal\/wp-json\/wp\/v2\/posts\/111397","targetHints":{"allow":["GET"]}}],"collection":[{"href":"https:\/\/www.sudoestehoje.com.br\/novoportal\/wp-json\/wp\/v2\/posts"}],"about":[{"href":"https:\/\/www.sudoestehoje.com.br\/novoportal\/wp-json\/wp\/v2\/types\/post"}],"author":[{"embeddable":true,"href":"https:\/\/www.sudoestehoje.com.br\/novoportal\/wp-json\/wp\/v2\/users\/2"}],"replies":[{"embeddable":true,"href":"https:\/\/www.sudoestehoje.com.br\/novoportal\/wp-json\/wp\/v2\/comments?post=111397"}],"version-history":[{"count":6,"href":"https:\/\/www.sudoestehoje.com.br\/novoportal\/wp-json\/wp\/v2\/posts\/111397\/revisions"}],"predecessor-version":[{"id":111411,"href":"https:\/\/www.sudoestehoje.com.br\/novoportal\/wp-json\/wp\/v2\/posts\/111397\/revisions\/111411"}],"wp:featuredmedia":[{"embeddable":true,"href":"https:\/\/www.sudoestehoje.com.br\/novoportal\/wp-json\/wp\/v2\/media\/111399"}],"wp:attachment":[{"href":"https:\/\/www.sudoestehoje.com.br\/novoportal\/wp-json\/wp\/v2\/media?parent=111397"}],"wp:term":[{"taxonomy":"category","embeddable":true,"href":"https:\/\/www.sudoestehoje.com.br\/novoportal\/wp-json\/wp\/v2\/categories?post=111397"},{"taxonomy":"post_tag","embeddable":true,"href":"https:\/\/www.sudoestehoje.com.br\/novoportal\/wp-json\/wp\/v2\/tags?post=111397"}],"curies":[{"name":"wp","href":"https:\/\/api.w.org\/{rel}","templated":true}]}}