
{"id":111391,"date":"2023-07-13T22:13:00","date_gmt":"2023-07-14T01:13:00","guid":{"rendered":"https:\/\/www.sudoestehoje.com.br\/novoportal\/?p=111391"},"modified":"2023-07-13T22:25:34","modified_gmt":"2023-07-14T01:25:34","slug":"preco-da-gasolina-volta-a-subir-na-bahia","status":"publish","type":"post","link":"https:\/\/www.sudoestehoje.com.br\/novoportal\/2023\/07\/13\/preco-da-gasolina-volta-a-subir-na-bahia\/","title":{"rendered":"PRE\u00c7O DA GASOLINA VOLTA A SUBIR NA BAHIA"},"content":{"rendered":"<div id=\"chunk-ea9mi\">\n<div class=\"mc-column content-text active-extra-styles \" data-block-type=\"unstyled\" data-block-weight=\"24\" data-block-id=\"3\">\n<p data-track-category=\"Link no Texto\" data-track-links=\"\"><a href=\"https:\/\/www.sudoestehoje.com.br\/novoportal\/wp-content\/uploads\/2023\/07\/BANNER-LINEUP-550x100-2.gif\"><img loading=\"lazy\" decoding=\"async\" class=\"aligncenter size-full wp-image-111341\" src=\"https:\/\/www.sudoestehoje.com.br\/novoportal\/wp-content\/uploads\/2023\/07\/BANNER-LINEUP-550x100-2.gif\" alt=\"\" width=\"550\" height=\"100\" \/><\/a><\/p>\n<p data-track-category=\"Link no Texto\" data-track-links=\"\"><a href=\"https:\/\/www.sudoestehoje.com.br\/novoportal\/wp-content\/uploads\/2023\/07\/WhatsApp-Image-2023-07-13-at-22.08.03.jpeg\"><img loading=\"lazy\" decoding=\"async\" class=\"aligncenter wp-image-111393\" src=\"https:\/\/www.sudoestehoje.com.br\/novoportal\/wp-content\/uploads\/2023\/07\/WhatsApp-Image-2023-07-13-at-22.08.03-600x338.jpeg\" alt=\"\" width=\"549\" height=\"309\" srcset=\"https:\/\/www.sudoestehoje.com.br\/novoportal\/wp-content\/uploads\/2023\/07\/WhatsApp-Image-2023-07-13-at-22.08.03-600x338.jpeg 600w, https:\/\/www.sudoestehoje.com.br\/novoportal\/wp-content\/uploads\/2023\/07\/WhatsApp-Image-2023-07-13-at-22.08.03-700x394.jpeg 700w, https:\/\/www.sudoestehoje.com.br\/novoportal\/wp-content\/uploads\/2023\/07\/WhatsApp-Image-2023-07-13-at-22.08.03-768x432.jpeg 768w, https:\/\/www.sudoestehoje.com.br\/novoportal\/wp-content\/uploads\/2023\/07\/WhatsApp-Image-2023-07-13-at-22.08.03-1536x865.jpeg 1536w, https:\/\/www.sudoestehoje.com.br\/novoportal\/wp-content\/uploads\/2023\/07\/WhatsApp-Image-2023-07-13-at-22.08.03.jpeg 1600w\" sizes=\"auto, (max-width: 549px) 100vw, 549px\" \/><\/a><\/p>\n<p class=\"content-text__container \" data-track-category=\"Link no Texto\" data-track-links=\"\"><strong>O pre\u00e7o da gasolina aumentou cerca de R$ 0,30 centavos nos postos de\u00a0Salvador nesta quinta-feira (13). O valor do diesel tamb\u00e9m subiu. A alta deve se estender para toda a Bahia, a partir desta sexta (14).<\/strong><\/p>\n<\/div>\n<\/div>\n<div class=\"wall protected-content\">\n<div id=\"chunk-2unog\">\n<div class=\"mc-column content-text active-extra-styles \" data-block-type=\"unstyled\" data-block-weight=\"42\" data-block-id=\"4\">\n<p class=\"content-text__container \" data-track-category=\"Link no Texto\" data-track-links=\"\"><strong>Segundo a Acelen, empresa que administra a Refinaria Mataripe, o reajuste foi de R$ 0,07 por litro da gasolina e R$ 0,03 no pre\u00e7o do diesel. Esses valores s\u00e3o repassados para os postos, que tamb\u00e9m atualizam os valores dos combust\u00edveis vendidos.<\/strong><\/p>\n<\/div>\n<\/div>\n<div id=\"chunk-6r6bv\">\n<div class=\"mc-column content-text active-extra-styles \" data-block-type=\"unstyled\" data-block-weight=\"31\" data-block-id=\"5\">\n<p class=\"content-text__container \" data-track-category=\"Link no Texto\" data-track-links=\"\"><strong>Em um posto da capital baiana a gasolina est\u00e1 sendo vendida por R$ 5,99 o litro nesta quinta. Na quarta (12), o valor variava entre R$ 5,64 e R$ 5,69.<\/strong><\/p>\n<\/div>\n<\/div>\n<div id=\"chunk-f0hjb\">\n<div class=\"mc-column content-text active-extra-styles \" data-block-type=\"unstyled\" data-block-weight=\"38\" data-block-id=\"6\">\n<p class=\"content-text__container \" data-track-category=\"Link no Texto\" data-track-links=\"\"><strong>Ainda segundo a Acelen, os pre\u00e7os dos produtos seguem crit\u00e9rios de mercado que levam em considera\u00e7\u00e3o vari\u00e1veis como custo do petr\u00f3leo, que \u00e9 comprado a pre\u00e7os internacionais, d\u00f3lar e frete, o que pode variar para mais ou menos. <\/strong><\/p>\n<p class=\"content-text__container \" data-track-category=\"Link no Texto\" data-track-links=\"\"><strong style=\"font-family: inherit; font-size: inherit; font-style: inherit; font-variant-ligatures: inherit; font-variant-caps: inherit; text-align: center;\">A Acelen tamb\u00e9m informou que desde mar\u00e7o foram mais de 15 redu\u00e7\u00f5es consecutivas nos pre\u00e7os dos combust\u00edveis.<\/strong><\/p>\n<\/div>\n<\/div>\n<div id=\"chunk-bn42q\">\n<div class=\"row medium-uncollapsed content-media content-photo\" data-block-type=\"backstage-photo\" data-block-id=\"9\">\n<div class=\" mc-column content-media__container\">\n<div class=\"content-media-container glb-skeleton-box\"><\/div>\n<\/div>\n<\/div>\n<\/div>\n<\/div>\n","protected":false},"excerpt":{"rendered":"<p>O pre\u00e7o da gasolina aumentou cerca de R$ 0,30 centavos nos postos de\u00a0Salvador nesta quinta-feira (13). O valor do diesel tamb\u00e9m subiu. A alta deve se estender para toda a Bahia, a partir desta sexta (14). Segundo a Acelen, empresa que administra a Refinaria Mataripe, o reajuste foi de R$ 0,07 por litro da gasolina [&hellip;]<\/p>\n","protected":false},"author":2,"featured_media":111393,"comment_status":"closed","ping_status":"open","sticky":false,"template":"","format":"standard","meta":{"footnotes":"","_links_to":"","_links_to_target":""},"categories":[1],"tags":[],"class_list":["post-111391","post","type-post","status-publish","format-standard","has-post-thumbnail","hentry","category-geral"],"views":782,"_links":{"self":[{"href":"https:\/\/www.sudoestehoje.com.br\/novoportal\/wp-json\/wp\/v2\/posts\/111391","targetHints":{"allow":["GET"]}}],"collection":[{"href":"https:\/\/www.sudoestehoje.com.br\/novoportal\/wp-json\/wp\/v2\/posts"}],"about":[{"href":"https:\/\/www.sudoestehoje.com.br\/novoportal\/wp-json\/wp\/v2\/types\/post"}],"author":[{"embeddable":true,"href":"https:\/\/www.sudoestehoje.com.br\/novoportal\/wp-json\/wp\/v2\/users\/2"}],"replies":[{"embeddable":true,"href":"https:\/\/www.sudoestehoje.com.br\/novoportal\/wp-json\/wp\/v2\/comments?post=111391"}],"version-history":[{"count":4,"href":"https:\/\/www.sudoestehoje.com.br\/novoportal\/wp-json\/wp\/v2\/posts\/111391\/revisions"}],"predecessor-version":[{"id":111396,"href":"https:\/\/www.sudoestehoje.com.br\/novoportal\/wp-json\/wp\/v2\/posts\/111391\/revisions\/111396"}],"wp:featuredmedia":[{"embeddable":true,"href":"https:\/\/www.sudoestehoje.com.br\/novoportal\/wp-json\/wp\/v2\/media\/111393"}],"wp:attachment":[{"href":"https:\/\/www.sudoestehoje.com.br\/novoportal\/wp-json\/wp\/v2\/media?parent=111391"}],"wp:term":[{"taxonomy":"category","embeddable":true,"href":"https:\/\/www.sudoestehoje.com.br\/novoportal\/wp-json\/wp\/v2\/categories?post=111391"},{"taxonomy":"post_tag","embeddable":true,"href":"https:\/\/www.sudoestehoje.com.br\/novoportal\/wp-json\/wp\/v2\/tags?post=111391"}],"curies":[{"name":"wp","href":"https:\/\/api.w.org\/{rel}","templated":true}]}}