
{"id":111368,"date":"2023-07-13T10:09:17","date_gmt":"2023-07-13T13:09:17","guid":{"rendered":"https:\/\/www.sudoestehoje.com.br\/novoportal\/?p=111368"},"modified":"2023-07-13T10:38:58","modified_gmt":"2023-07-13T13:38:58","slug":"jeronimo-descarta-ponto-facultativo-em-dias-de-jogos-da-selecao-feminina-na-copa","status":"publish","type":"post","link":"https:\/\/www.sudoestehoje.com.br\/novoportal\/2023\/07\/13\/jeronimo-descarta-ponto-facultativo-em-dias-de-jogos-da-selecao-feminina-na-copa\/","title":{"rendered":"JER\u00d4NIMO DESCARTA PONTO FACULTATIVO EM DIAS DE JOGOS DA SELE\u00c7\u00c3O FEMININA NA COPA"},"content":{"rendered":"<p><a href=\"https:\/\/www.sudoestehoje.com.br\/novoportal\/wp-content\/uploads\/2023\/07\/BANNER-LINEUP-550x100-2.gif\"><img loading=\"lazy\" decoding=\"async\" class=\"aligncenter size-full wp-image-111341\" src=\"https:\/\/www.sudoestehoje.com.br\/novoportal\/wp-content\/uploads\/2023\/07\/BANNER-LINEUP-550x100-2.gif\" alt=\"\" width=\"550\" height=\"100\" \/><\/a><\/p>\n<p><a href=\"https:\/\/www.sudoestehoje.com.br\/novoportal\/wp-content\/uploads\/2023\/07\/138567governo-da-bahia-estuda-decretar-ponto-facultativo-em-jogos-da-selecao-brasileira-na-copa-do-mundo-feminina-3-1536x722-1.jpg\"><img loading=\"lazy\" decoding=\"async\" class=\"aligncenter wp-image-111374\" src=\"https:\/\/www.sudoestehoje.com.br\/novoportal\/wp-content\/uploads\/2023\/07\/138567governo-da-bahia-estuda-decretar-ponto-facultativo-em-jogos-da-selecao-brasileira-na-copa-do-mundo-feminina-3-1536x722-1-600x282.jpg\" alt=\"\" width=\"551\" height=\"259\" srcset=\"https:\/\/www.sudoestehoje.com.br\/novoportal\/wp-content\/uploads\/2023\/07\/138567governo-da-bahia-estuda-decretar-ponto-facultativo-em-jogos-da-selecao-brasileira-na-copa-do-mundo-feminina-3-1536x722-1-600x282.jpg 600w, https:\/\/www.sudoestehoje.com.br\/novoportal\/wp-content\/uploads\/2023\/07\/138567governo-da-bahia-estuda-decretar-ponto-facultativo-em-jogos-da-selecao-brasileira-na-copa-do-mundo-feminina-3-1536x722-1-700x329.jpg 700w, https:\/\/www.sudoestehoje.com.br\/novoportal\/wp-content\/uploads\/2023\/07\/138567governo-da-bahia-estuda-decretar-ponto-facultativo-em-jogos-da-selecao-brasileira-na-copa-do-mundo-feminina-3-1536x722-1-768x361.jpg 768w, https:\/\/www.sudoestehoje.com.br\/novoportal\/wp-content\/uploads\/2023\/07\/138567governo-da-bahia-estuda-decretar-ponto-facultativo-em-jogos-da-selecao-brasileira-na-copa-do-mundo-feminina-3-1536x722-1.jpg 1536w\" sizes=\"auto, (max-width: 551px) 100vw, 551px\" \/><\/a><\/p>\n<p><strong>O governador Jer\u00f4nimo Rodrigues (PT) em contato o com o site Pol\u00edtica Livre informou que n\u00e3o vai decretar ponto facultativo nos dias de jogos da Sele\u00e7\u00e3o brasileira feminina de futebol durante a realiza\u00e7\u00e3o da Copa do Mundo, que come\u00e7a no pr\u00f3ximo dia 20, na Austr\u00e1lia e Nova Zel\u00e2ndia.<\/strong><\/p>\n<p><strong>\u201cN\u00e3o vai ter (ponto facultativo). N\u00f3s vamos fazer um movimento para que a gente possa torcer pela Sele\u00e7\u00e3o, mas n\u00e3o sou a favor e n\u00e3o vou decretar nem feriado e nem ponto facultativo. O Estado precisa reverter uma situa\u00e7\u00e3o na economia e vamos aguardar as oportunidades e ver o jogo depois, no play\u201d, disse Jer\u00f4nimo, durante a abertura da Feira e Conven\u00e7\u00e3o Baiana de Supermercados, Atacados e Distribuidores (SuperBahia), na noite desta ter\u00e7a (11), no Centro de Conven\u00e7\u00f5es de Salvador.<\/strong><\/p>\n<div>\n<p><strong>Jogos do Brasil na Copa Feminina<\/strong><\/p>\n<p><strong> 2023 <\/strong><strong>24\/07\/2023 \u2013 8h (hor\u00e1rio de Bras\u00edlia) \u2013 Brasil x Panam\u00e1, em Adelaide (Austr\u00e1lia) <\/strong><\/p>\n<p><strong>29\/07\/2023 \u2013 7h (hor\u00e1rio de Bras\u00edlia) \u2013 Brasil x Fran\u00e7a, em Brisbane (Austr\u00e1lia) <\/strong><\/p>\n<p><strong>02\/08\/2023 \u2013 7h (hor\u00e1rio de Bras\u00edlia) \u2013 Brasil x Jamaica, em Melbourne (Austr\u00e1lia)<\/strong><\/p>\n<\/div>\n","protected":false},"excerpt":{"rendered":"<p>O governador Jer\u00f4nimo Rodrigues (PT) em contato o com o site Pol\u00edtica Livre informou que n\u00e3o vai decretar ponto facultativo nos dias de jogos da Sele\u00e7\u00e3o brasileira feminina de futebol durante a realiza\u00e7\u00e3o da Copa do Mundo, que come\u00e7a no pr\u00f3ximo dia 20, na Austr\u00e1lia e Nova Zel\u00e2ndia. \u201cN\u00e3o vai ter (ponto facultativo). N\u00f3s vamos [&hellip;]<\/p>\n","protected":false},"author":2,"featured_media":111374,"comment_status":"closed","ping_status":"open","sticky":false,"template":"","format":"standard","meta":{"footnotes":"","_links_to":"","_links_to_target":""},"categories":[1],"tags":[],"class_list":["post-111368","post","type-post","status-publish","format-standard","has-post-thumbnail","hentry","category-geral"],"views":698,"_links":{"self":[{"href":"https:\/\/www.sudoestehoje.com.br\/novoportal\/wp-json\/wp\/v2\/posts\/111368","targetHints":{"allow":["GET"]}}],"collection":[{"href":"https:\/\/www.sudoestehoje.com.br\/novoportal\/wp-json\/wp\/v2\/posts"}],"about":[{"href":"https:\/\/www.sudoestehoje.com.br\/novoportal\/wp-json\/wp\/v2\/types\/post"}],"author":[{"embeddable":true,"href":"https:\/\/www.sudoestehoje.com.br\/novoportal\/wp-json\/wp\/v2\/users\/2"}],"replies":[{"embeddable":true,"href":"https:\/\/www.sudoestehoje.com.br\/novoportal\/wp-json\/wp\/v2\/comments?post=111368"}],"version-history":[{"count":7,"href":"https:\/\/www.sudoestehoje.com.br\/novoportal\/wp-json\/wp\/v2\/posts\/111368\/revisions"}],"predecessor-version":[{"id":111380,"href":"https:\/\/www.sudoestehoje.com.br\/novoportal\/wp-json\/wp\/v2\/posts\/111368\/revisions\/111380"}],"wp:featuredmedia":[{"embeddable":true,"href":"https:\/\/www.sudoestehoje.com.br\/novoportal\/wp-json\/wp\/v2\/media\/111374"}],"wp:attachment":[{"href":"https:\/\/www.sudoestehoje.com.br\/novoportal\/wp-json\/wp\/v2\/media?parent=111368"}],"wp:term":[{"taxonomy":"category","embeddable":true,"href":"https:\/\/www.sudoestehoje.com.br\/novoportal\/wp-json\/wp\/v2\/categories?post=111368"},{"taxonomy":"post_tag","embeddable":true,"href":"https:\/\/www.sudoestehoje.com.br\/novoportal\/wp-json\/wp\/v2\/tags?post=111368"}],"curies":[{"name":"wp","href":"https:\/\/api.w.org\/{rel}","templated":true}]}}