
{"id":111361,"date":"2023-07-12T17:56:10","date_gmt":"2023-07-12T20:56:10","guid":{"rendered":"https:\/\/www.sudoestehoje.com.br\/novoportal\/?p=111361"},"modified":"2023-07-12T18:35:20","modified_gmt":"2023-07-12T21:35:20","slug":"boa-noticia-decreto-de-lula-nao-atinge-escolas-civico-militares-de-itapetinga","status":"publish","type":"post","link":"https:\/\/www.sudoestehoje.com.br\/novoportal\/2023\/07\/12\/boa-noticia-decreto-de-lula-nao-atinge-escolas-civico-militares-de-itapetinga\/","title":{"rendered":"BOA NOT\u00cdCIA | DECRETO DE LULA N\u00c3O ATINGE ESCOLAS C\u00cdVICO-MILITARES DE ITAPETINGA, DIZ SECRET\u00c1RIO"},"content":{"rendered":"<p><a href=\"https:\/\/www.sudoestehoje.com.br\/novoportal\/wp-content\/uploads\/2023\/07\/BANNER-LINEUP-550x100-2.gif\"><img loading=\"lazy\" decoding=\"async\" class=\"aligncenter size-full wp-image-111341\" src=\"https:\/\/www.sudoestehoje.com.br\/novoportal\/wp-content\/uploads\/2023\/07\/BANNER-LINEUP-550x100-2.gif\" alt=\"\" width=\"550\" height=\"100\" \/><\/a><\/p>\n<p><a href=\"https:\/\/www.sudoestehoje.com.br\/novoportal\/wp-content\/uploads\/2023\/07\/IMG_20221108_135913.jpg\"><img loading=\"lazy\" decoding=\"async\" class=\"aligncenter wp-image-111363\" src=\"https:\/\/www.sudoestehoje.com.br\/novoportal\/wp-content\/uploads\/2023\/07\/IMG_20221108_135913-600x568.jpg\" alt=\"\" width=\"551\" height=\"522\" srcset=\"https:\/\/www.sudoestehoje.com.br\/novoportal\/wp-content\/uploads\/2023\/07\/IMG_20221108_135913-600x568.jpg 600w, https:\/\/www.sudoestehoje.com.br\/novoportal\/wp-content\/uploads\/2023\/07\/IMG_20221108_135913-700x663.jpg 700w, https:\/\/www.sudoestehoje.com.br\/novoportal\/wp-content\/uploads\/2023\/07\/IMG_20221108_135913-768x727.jpg 768w, https:\/\/www.sudoestehoje.com.br\/novoportal\/wp-content\/uploads\/2023\/07\/IMG_20221108_135913.jpg 1000w\" sizes=\"auto, (max-width: 551px) 100vw, 551px\" \/><\/a><\/p>\n<p><strong>A medida adotada pelo governo federal extinguindo o Programa Nacional de Escolas C\u00edvico-Militares, criado no governo Bolsonaro, causou grande preocupa\u00e7\u00e3o em Itapetinga, onde duas dessas escolas foram implantadas e est\u00e3o em pleno funcionamento,<\/strong><\/p>\n<p><strong>Em contato com o secret\u00e1rio municipal de educa\u00e7\u00e3o, F\u00e1bio Viana, o <em>Sudoeste Hoje<\/em> foi informado que as duas escolas implantadas em Itapetinga n\u00e3o ser\u00e3o atingidas pelo decreto do presidente Lula, assinado na \u00faltima segunda-feira (10).<\/strong><\/p>\n<p><strong><em>&#8220;A escolas c\u00edvico-militares em Itapetinga segue um Termo de Coopera\u00e7\u00e3o T\u00e9cnica com a Pol\u00edcia Militar do Estado da Bahia. Trata-se de um modelo de gest\u00e3o compartilhada. O munic\u00edpio continua respons\u00e1vel pedagogicamente e administrativamente pela Escola, enquanto a pol\u00edcia cuida das quest\u00f5es disciplinares&#8221;<\/em>, esclareceu F\u00e1bio.<\/strong><\/p>\n<p><strong>As escolas c\u00edvico-militares de Itapetinga vem sendo elogiadas pela popula\u00e7\u00e3o, desde a sua cria\u00e7\u00e3o, pela disciplina dos alunos e enorme aproveitamento e desempenho nas atividades escolares.<\/strong><\/p>\n<p><strong>Por Davi Ferraz<\/strong><\/p>\n","protected":false},"excerpt":{"rendered":"<p>A medida adotada pelo governo federal extinguindo o Programa Nacional de Escolas C\u00edvico-Militares, criado no governo Bolsonaro, causou grande preocupa\u00e7\u00e3o em Itapetinga, onde duas dessas escolas foram implantadas e est\u00e3o em pleno funcionamento, Em contato com o secret\u00e1rio municipal de educa\u00e7\u00e3o, F\u00e1bio Viana, o Sudoeste Hoje foi informado que as duas escolas implantadas em Itapetinga [&hellip;]<\/p>\n","protected":false},"author":2,"featured_media":111363,"comment_status":"closed","ping_status":"open","sticky":false,"template":"","format":"standard","meta":{"footnotes":"","_links_to":"","_links_to_target":""},"categories":[1],"tags":[],"class_list":["post-111361","post","type-post","status-publish","format-standard","has-post-thumbnail","hentry","category-geral"],"views":1123,"_links":{"self":[{"href":"https:\/\/www.sudoestehoje.com.br\/novoportal\/wp-json\/wp\/v2\/posts\/111361","targetHints":{"allow":["GET"]}}],"collection":[{"href":"https:\/\/www.sudoestehoje.com.br\/novoportal\/wp-json\/wp\/v2\/posts"}],"about":[{"href":"https:\/\/www.sudoestehoje.com.br\/novoportal\/wp-json\/wp\/v2\/types\/post"}],"author":[{"embeddable":true,"href":"https:\/\/www.sudoestehoje.com.br\/novoportal\/wp-json\/wp\/v2\/users\/2"}],"replies":[{"embeddable":true,"href":"https:\/\/www.sudoestehoje.com.br\/novoportal\/wp-json\/wp\/v2\/comments?post=111361"}],"version-history":[{"count":5,"href":"https:\/\/www.sudoestehoje.com.br\/novoportal\/wp-json\/wp\/v2\/posts\/111361\/revisions"}],"predecessor-version":[{"id":111367,"href":"https:\/\/www.sudoestehoje.com.br\/novoportal\/wp-json\/wp\/v2\/posts\/111361\/revisions\/111367"}],"wp:featuredmedia":[{"embeddable":true,"href":"https:\/\/www.sudoestehoje.com.br\/novoportal\/wp-json\/wp\/v2\/media\/111363"}],"wp:attachment":[{"href":"https:\/\/www.sudoestehoje.com.br\/novoportal\/wp-json\/wp\/v2\/media?parent=111361"}],"wp:term":[{"taxonomy":"category","embeddable":true,"href":"https:\/\/www.sudoestehoje.com.br\/novoportal\/wp-json\/wp\/v2\/categories?post=111361"},{"taxonomy":"post_tag","embeddable":true,"href":"https:\/\/www.sudoestehoje.com.br\/novoportal\/wp-json\/wp\/v2\/tags?post=111361"}],"curies":[{"name":"wp","href":"https:\/\/api.w.org\/{rel}","templated":true}]}}