
{"id":111336,"date":"2023-07-12T09:24:39","date_gmt":"2023-07-12T12:24:39","guid":{"rendered":"https:\/\/www.sudoestehoje.com.br\/novoportal\/?p=111336"},"modified":"2023-07-12T09:24:39","modified_gmt":"2023-07-12T12:24:39","slug":"preocupacao-quinto-caso-de-morte-por-dengue-hemorragica-e-registrado-na-bahia","status":"publish","type":"post","link":"https:\/\/www.sudoestehoje.com.br\/novoportal\/2023\/07\/12\/preocupacao-quinto-caso-de-morte-por-dengue-hemorragica-e-registrado-na-bahia\/","title":{"rendered":"PREOCUPA\u00c7\u00c3O | QUINTO CASO DE MORTE POR DENGUE HEMORR\u00c1GICA \u00c9 REGISTRADO NA BAHIA"},"content":{"rendered":"<p><a href=\"https:\/\/www.sudoestehoje.com.br\/novoportal\/wp-content\/uploads\/2023\/07\/BANNER-LINEUP-550x100-1.gif\"><img loading=\"lazy\" decoding=\"async\" class=\"aligncenter size-full wp-image-111261\" src=\"https:\/\/www.sudoestehoje.com.br\/novoportal\/wp-content\/uploads\/2023\/07\/BANNER-LINEUP-550x100-1.gif\" alt=\"\" width=\"550\" height=\"100\" \/><\/a><\/p>\n<p><a href=\"https:\/\/www.sudoestehoje.com.br\/novoportal\/wp-content\/uploads\/2023\/07\/fiocruz.png\"><img loading=\"lazy\" decoding=\"async\" class=\"aligncenter  wp-image-111337\" src=\"https:\/\/www.sudoestehoje.com.br\/novoportal\/wp-content\/uploads\/2023\/07\/fiocruz-600x341.png\" alt=\"\" width=\"549\" height=\"312\" srcset=\"https:\/\/www.sudoestehoje.com.br\/novoportal\/wp-content\/uploads\/2023\/07\/fiocruz-600x341.png 600w, https:\/\/www.sudoestehoje.com.br\/novoportal\/wp-content\/uploads\/2023\/07\/fiocruz.png 700w\" sizes=\"auto, (max-width: 549px) 100vw, 549px\" \/><\/a><\/p>\n<p><strong>A cidade de Alagoinhas, a 120 km de Salvador, registrou a primeira morte causada por dengue hemorr\u00e1gica neste ano. Com o caso, sobe para cinco o n\u00famero de mortes pela doen\u00e7a na Bahia em 2023.<\/strong><\/p>\n<p><strong>De acordo com a prefeitura de Alagoinhas, a Vigil\u00e2ncia em Sa\u00fade foi notificada sobre a morte do paciente no dia 5 de julho. Depois disso, foram feitos exames e a confirma\u00e7\u00e3o de \u00f3bito causado por arbovirose foi divulgada nesta ter\u00e7a (11). O nome e a idade do paciente n\u00e3o foram divulgados.<\/strong><\/p>\n<p><strong>As outras mortes devido \u00e0s complica\u00e7\u00f5es da doen\u00e7a foram registradas na cidade de Feira de Santana, a 100 quil\u00f4metros de Salvador.<\/strong><\/p>\n<p><strong>A primeira v\u00edtima da doen\u00e7a foi um adolescente de 14 anos, que morreu em fevereiro. Em junho foram confirmados tr\u00eas casos: uma mulher de 20 anos, um homem de 36 e um adolescente de 13.<\/strong><\/p>\n","protected":false},"excerpt":{"rendered":"<p>A cidade de Alagoinhas, a 120 km de Salvador, registrou a primeira morte causada por dengue hemorr\u00e1gica neste ano. Com o caso, sobe para cinco o n\u00famero de mortes pela doen\u00e7a na Bahia em 2023. De acordo com a prefeitura de Alagoinhas, a Vigil\u00e2ncia em Sa\u00fade foi notificada sobre a morte do paciente no dia [&hellip;]<\/p>\n","protected":false},"author":2,"featured_media":111337,"comment_status":"closed","ping_status":"open","sticky":false,"template":"","format":"standard","meta":{"footnotes":"","_links_to":"","_links_to_target":""},"categories":[1],"tags":[],"class_list":["post-111336","post","type-post","status-publish","format-standard","has-post-thumbnail","hentry","category-geral"],"views":787,"_links":{"self":[{"href":"https:\/\/www.sudoestehoje.com.br\/novoportal\/wp-json\/wp\/v2\/posts\/111336","targetHints":{"allow":["GET"]}}],"collection":[{"href":"https:\/\/www.sudoestehoje.com.br\/novoportal\/wp-json\/wp\/v2\/posts"}],"about":[{"href":"https:\/\/www.sudoestehoje.com.br\/novoportal\/wp-json\/wp\/v2\/types\/post"}],"author":[{"embeddable":true,"href":"https:\/\/www.sudoestehoje.com.br\/novoportal\/wp-json\/wp\/v2\/users\/2"}],"replies":[{"embeddable":true,"href":"https:\/\/www.sudoestehoje.com.br\/novoportal\/wp-json\/wp\/v2\/comments?post=111336"}],"version-history":[{"count":3,"href":"https:\/\/www.sudoestehoje.com.br\/novoportal\/wp-json\/wp\/v2\/posts\/111336\/revisions"}],"predecessor-version":[{"id":111340,"href":"https:\/\/www.sudoestehoje.com.br\/novoportal\/wp-json\/wp\/v2\/posts\/111336\/revisions\/111340"}],"wp:featuredmedia":[{"embeddable":true,"href":"https:\/\/www.sudoestehoje.com.br\/novoportal\/wp-json\/wp\/v2\/media\/111337"}],"wp:attachment":[{"href":"https:\/\/www.sudoestehoje.com.br\/novoportal\/wp-json\/wp\/v2\/media?parent=111336"}],"wp:term":[{"taxonomy":"category","embeddable":true,"href":"https:\/\/www.sudoestehoje.com.br\/novoportal\/wp-json\/wp\/v2\/categories?post=111336"},{"taxonomy":"post_tag","embeddable":true,"href":"https:\/\/www.sudoestehoje.com.br\/novoportal\/wp-json\/wp\/v2\/tags?post=111336"}],"curies":[{"name":"wp","href":"https:\/\/api.w.org\/{rel}","templated":true}]}}