
{"id":111299,"date":"2023-07-11T09:23:15","date_gmt":"2023-07-11T12:23:15","guid":{"rendered":"https:\/\/www.sudoestehoje.com.br\/novoportal\/?p=111299"},"modified":"2023-07-11T16:31:19","modified_gmt":"2023-07-11T19:31:19","slug":"itapetinga-secretaria-de-saude-do-estado-garante-custeio-integral-do-hospital-cristo-redentor","status":"publish","type":"post","link":"https:\/\/www.sudoestehoje.com.br\/novoportal\/2023\/07\/11\/itapetinga-secretaria-de-saude-do-estado-garante-custeio-integral-do-hospital-cristo-redentor\/","title":{"rendered":"ITAPETINGA | SECRET\u00c1RIA DE SA\u00daDE DO ESTADO GARANTE CUSTEIO INTEGRAL DO HOSPITAL CRISTO REDENTOR"},"content":{"rendered":"<p><a href=\"https:\/\/www.sudoestehoje.com.br\/novoportal\/wp-content\/uploads\/2023\/07\/BANNER-LINEUP-550x100-1.gif\"><img loading=\"lazy\" decoding=\"async\" class=\"aligncenter size-full wp-image-111261\" src=\"https:\/\/www.sudoestehoje.com.br\/novoportal\/wp-content\/uploads\/2023\/07\/BANNER-LINEUP-550x100-1.gif\" alt=\"\" width=\"550\" height=\"100\" \/><\/a><\/p>\n<p><a href=\"https:\/\/www.sudoestehoje.com.br\/novoportal\/wp-content\/uploads\/2023\/07\/1af44d30-17df-4ab8-9c3d-6c7dc9463a22.jpg\"><img loading=\"lazy\" decoding=\"async\" class=\"aligncenter wp-image-111305\" src=\"https:\/\/www.sudoestehoje.com.br\/novoportal\/wp-content\/uploads\/2023\/07\/1af44d30-17df-4ab8-9c3d-6c7dc9463a22-600x340.jpg\" alt=\"\" width=\"549\" height=\"311\" srcset=\"https:\/\/www.sudoestehoje.com.br\/novoportal\/wp-content\/uploads\/2023\/07\/1af44d30-17df-4ab8-9c3d-6c7dc9463a22-600x340.jpg 600w, https:\/\/www.sudoestehoje.com.br\/novoportal\/wp-content\/uploads\/2023\/07\/1af44d30-17df-4ab8-9c3d-6c7dc9463a22-700x397.jpg 700w, https:\/\/www.sudoestehoje.com.br\/novoportal\/wp-content\/uploads\/2023\/07\/1af44d30-17df-4ab8-9c3d-6c7dc9463a22-768x436.jpg 768w, https:\/\/www.sudoestehoje.com.br\/novoportal\/wp-content\/uploads\/2023\/07\/1af44d30-17df-4ab8-9c3d-6c7dc9463a22.jpg 890w\" sizes=\"auto, (max-width: 549px) 100vw, 549px\" \/><\/a><\/p>\n<p><strong>Atrav\u00e9s de um mensagem gravada em v\u00eddeo e postada nas redes sociais, a secret\u00e1ria estadual de Sa\u00fade, Roberta Silva de Carvalho Santana, anunciou a amplia\u00e7\u00e3o da parceria com a Funda\u00e7\u00e3o Jos\u00e9 Silveira, visando o custeio integral do Hospital Cristo Redentor, em Itapetinga, a partir de 18 de julho deste ano.<\/strong><\/p>\n<p><strong>Com a amplia\u00e7\u00e3o desta parceria com a Secretaria de Sa\u00fade do Estado, todos os atendimentos \u00e0 popula\u00e7\u00e3o de Itapetinga no HCR est\u00e3o garantidos, independente de outras fontes de recursos, inclusive do munic\u00edpio.<\/strong><\/p>\n<p><strong>At\u00e9 ent\u00e3o, o Hospital Cristo Redentor vinha mantendo parceria com o munic\u00edpio de Itapetinga, atrav\u00e9s de conv\u00eanio, com o objeto de custear o seu Pronto Socorro e outros atendimentos, o que n\u00e3o ser\u00e1 mais necess\u00e1rio com o aporte de recursos da Sesab.<\/strong><\/p>\n<p><strong>Na mensagem gravada ao lado dos deputados Ant\u00f4nio Brito e Rosemberg Pinto, a secret\u00e1ria garante tamb\u00e9m a amplia\u00e7\u00e3o das a\u00e7\u00f5es do Hospital Cristo Redentor, contemplando outras especialidades, no \u00fanico hospital do munic\u00edpio. Confira v\u00eddeo:<\/strong><\/p>\n<div style=\"width: 848px;\" class=\"wp-video\"><!--[if lt IE 9]><script>document.createElement('video');<\/script><![endif]-->\n<video class=\"wp-video-shortcode\" id=\"video-111299-1\" width=\"848\" height=\"480\" preload=\"metadata\" controls=\"controls\"><source type=\"video\/mp4\" src=\"https:\/\/www.sudoestehoje.com.br\/novoportal\/wp-content\/uploads\/2023\/07\/WhatsApp-Video-2023-07-11-at-08.49.47-1.mp4?_=1\" \/><a href=\"https:\/\/www.sudoestehoje.com.br\/novoportal\/wp-content\/uploads\/2023\/07\/WhatsApp-Video-2023-07-11-at-08.49.47-1.mp4\">https:\/\/www.sudoestehoje.com.br\/novoportal\/wp-content\/uploads\/2023\/07\/WhatsApp-Video-2023-07-11-at-08.49.47-1.mp4<\/a><\/video><\/div>\n","protected":false},"excerpt":{"rendered":"<p>Atrav\u00e9s de um mensagem gravada em v\u00eddeo e postada nas redes sociais, a secret\u00e1ria estadual de Sa\u00fade, Roberta Silva de Carvalho Santana, anunciou a amplia\u00e7\u00e3o da parceria com a Funda\u00e7\u00e3o Jos\u00e9 Silveira, visando o custeio integral do Hospital Cristo Redentor, em Itapetinga, a partir de 18 de julho deste ano. Com a amplia\u00e7\u00e3o desta parceria [&hellip;]<\/p>\n","protected":false},"author":2,"featured_media":111305,"comment_status":"closed","ping_status":"open","sticky":false,"template":"","format":"standard","meta":{"footnotes":"","_links_to":"","_links_to_target":""},"categories":[1],"tags":[],"class_list":["post-111299","post","type-post","status-publish","format-standard","has-post-thumbnail","hentry","category-geral"],"views":805,"_links":{"self":[{"href":"https:\/\/www.sudoestehoje.com.br\/novoportal\/wp-json\/wp\/v2\/posts\/111299","targetHints":{"allow":["GET"]}}],"collection":[{"href":"https:\/\/www.sudoestehoje.com.br\/novoportal\/wp-json\/wp\/v2\/posts"}],"about":[{"href":"https:\/\/www.sudoestehoje.com.br\/novoportal\/wp-json\/wp\/v2\/types\/post"}],"author":[{"embeddable":true,"href":"https:\/\/www.sudoestehoje.com.br\/novoportal\/wp-json\/wp\/v2\/users\/2"}],"replies":[{"embeddable":true,"href":"https:\/\/www.sudoestehoje.com.br\/novoportal\/wp-json\/wp\/v2\/comments?post=111299"}],"version-history":[{"count":10,"href":"https:\/\/www.sudoestehoje.com.br\/novoportal\/wp-json\/wp\/v2\/posts\/111299\/revisions"}],"predecessor-version":[{"id":111312,"href":"https:\/\/www.sudoestehoje.com.br\/novoportal\/wp-json\/wp\/v2\/posts\/111299\/revisions\/111312"}],"wp:featuredmedia":[{"embeddable":true,"href":"https:\/\/www.sudoestehoje.com.br\/novoportal\/wp-json\/wp\/v2\/media\/111305"}],"wp:attachment":[{"href":"https:\/\/www.sudoestehoje.com.br\/novoportal\/wp-json\/wp\/v2\/media?parent=111299"}],"wp:term":[{"taxonomy":"category","embeddable":true,"href":"https:\/\/www.sudoestehoje.com.br\/novoportal\/wp-json\/wp\/v2\/categories?post=111299"},{"taxonomy":"post_tag","embeddable":true,"href":"https:\/\/www.sudoestehoje.com.br\/novoportal\/wp-json\/wp\/v2\/tags?post=111299"}],"curies":[{"name":"wp","href":"https:\/\/api.w.org\/{rel}","templated":true}]}}