
{"id":111289,"date":"2023-07-10T17:54:56","date_gmt":"2023-07-10T20:54:56","guid":{"rendered":"https:\/\/www.sudoestehoje.com.br\/novoportal\/?p=111289"},"modified":"2023-07-10T17:54:56","modified_gmt":"2023-07-10T20:54:56","slug":"itapetinga-prefeito-rodrigo-hagge-oficializa-segunda-escola-civico-militar","status":"publish","type":"post","link":"https:\/\/www.sudoestehoje.com.br\/novoportal\/2023\/07\/10\/itapetinga-prefeito-rodrigo-hagge-oficializa-segunda-escola-civico-militar\/","title":{"rendered":"ITAPETINGA | PREFEITO RODRIGO HAGGE OFICIALIZA SEGUNDA ESCOLA C\u00cdVICO-MILITAR"},"content":{"rendered":"<p><a href=\"https:\/\/www.sudoestehoje.com.br\/novoportal\/wp-content\/uploads\/2023\/07\/BANNER-LINEUP-550x100-1.gif\"><img loading=\"lazy\" decoding=\"async\" class=\"aligncenter size-full wp-image-111261\" src=\"https:\/\/www.sudoestehoje.com.br\/novoportal\/wp-content\/uploads\/2023\/07\/BANNER-LINEUP-550x100-1.gif\" alt=\"\" width=\"550\" height=\"100\" \/><\/a><\/p>\n<p><a href=\"https:\/\/www.sudoestehoje.com.br\/novoportal\/wp-content\/uploads\/2023\/07\/WhatsApp-Image-2023-07-10-at-15.56.13-990x556-1.jpeg\"><img loading=\"lazy\" decoding=\"async\" class=\"aligncenter  wp-image-111291\" src=\"https:\/\/www.sudoestehoje.com.br\/novoportal\/wp-content\/uploads\/2023\/07\/WhatsApp-Image-2023-07-10-at-15.56.13-990x556-1-600x337.jpeg\" alt=\"\" width=\"550\" height=\"309\" srcset=\"https:\/\/www.sudoestehoje.com.br\/novoportal\/wp-content\/uploads\/2023\/07\/WhatsApp-Image-2023-07-10-at-15.56.13-990x556-1-600x337.jpeg 600w, https:\/\/www.sudoestehoje.com.br\/novoportal\/wp-content\/uploads\/2023\/07\/WhatsApp-Image-2023-07-10-at-15.56.13-990x556-1-700x393.jpeg 700w, https:\/\/www.sudoestehoje.com.br\/novoportal\/wp-content\/uploads\/2023\/07\/WhatsApp-Image-2023-07-10-at-15.56.13-990x556-1-768x431.jpeg 768w, https:\/\/www.sudoestehoje.com.br\/novoportal\/wp-content\/uploads\/2023\/07\/WhatsApp-Image-2023-07-10-at-15.56.13-990x556-1.jpeg 990w\" sizes=\"auto, (max-width: 550px) 100vw, 550px\" \/><\/a><\/p>\n<p><strong>O prefeito Rodrigo Hagge esteve em Salvador, nesta segunda-feira, 10, para a assinatura do Termo de Acordo de Coopera\u00e7\u00e3o T\u00e9cnica n\u00ba 06\/2023. Ao lado do secret\u00e1rio de Educa\u00e7\u00e3o, Cultura, Ci\u00eancia e Tecnologia, F\u00e1bio Viana, o prefeito oficializou, junto com a PMBA, a implanta\u00e7\u00e3o de segunda escola C\u00edvico Militar de Itapetinga, em funcionamento desde o in\u00edcio deste ano no Col\u00e9gio Nair D\u2019Esquivel Jandiroba.<\/strong><\/p>\n<p><strong>O col\u00e9gio passou por uma reestrutura\u00e7\u00e3o das suas instala\u00e7\u00f5es para se adequar ao novo modelo, com implanta\u00e7\u00e3o do vetor disciplinar garantido por quatro policiais da reserva.<\/strong><\/p>\n<p><strong>Ap\u00f3s o sucesso do modelo j\u00e1 testado no col\u00e9gio Ot\u00e1vio Cam\u00f5es, a prefeitura atende a um anseio da sociedade por novas escolas c\u00edvico-militares. Assim, no Col\u00e9gio Nair Jandiroba, foram criadas mais de 400 vagas para alunos do ensino fundamental dos anos finais.<\/strong><\/p>\n<p><strong>Ao iniciar o segundo semestre, a escola j\u00e1 demonstra grandes conquistas, \u201ca disciplina tem auxiliado no senso de responsabilidade, hierarquia e compromisso dos nossos alunos. Agora, a gente j\u00e1 consegue ter um maior resultado na sala de aula, o que reflete em notas e no desempenho deles\u201d disse Gilvan\u00eas, diretora do col\u00e9gio Nair Jandiroba. \/\/Ascom<\/strong><\/p>\n\n\t\t<style type=\"text\/css\">\n\t\t\t#gallery-1 {\n\t\t\t\tmargin: auto;\n\t\t\t}\n\t\t\t#gallery-1 .gallery-item {\n\t\t\t\tfloat: left;\n\t\t\t\tmargin-top: 10px;\n\t\t\t\ttext-align: center;\n\t\t\t\twidth: 33%;\n\t\t\t}\n\t\t\t#gallery-1 img {\n\t\t\t\tborder: 2px solid #cfcfcf;\n\t\t\t}\n\t\t\t#gallery-1 .gallery-caption {\n\t\t\t\tmargin-left: 0;\n\t\t\t}\n\t\t\t\/* see gallery_shortcode() in wp-includes\/media.php *\/\n\t\t<\/style>\n\t\t<div id='gallery-1' class='gallery galleryid-111289 gallery-columns-3 gallery-size-thumbnail'><dl class='gallery-item'>\n\t\t\t<dt class='gallery-icon landscape'>\n\t\t\t\t<a href='https:\/\/www.sudoestehoje.com.br\/novoportal\/2023\/07\/10\/itapetinga-prefeito-rodrigo-hagge-oficializa-segunda-escola-civico-militar\/whatsapp-image-2023-07-10-at-15-56-21-1280x719\/'><img loading=\"lazy\" decoding=\"async\" width=\"150\" height=\"150\" src=\"https:\/\/www.sudoestehoje.com.br\/novoportal\/wp-content\/uploads\/2023\/07\/WhatsApp-Image-2023-07-10-at-15.56.21-1280x719-1-150x150.jpeg\" class=\"attachment-thumbnail size-thumbnail\" alt=\"\" \/><\/a>\n\t\t\t<\/dt><\/dl><dl class='gallery-item'>\n\t\t\t<dt class='gallery-icon landscape'>\n\t\t\t\t<a href='https:\/\/www.sudoestehoje.com.br\/novoportal\/2023\/07\/10\/itapetinga-prefeito-rodrigo-hagge-oficializa-segunda-escola-civico-militar\/whatsapp-image-2023-07-10-at-15-56-18-1280x719\/'><img loading=\"lazy\" decoding=\"async\" width=\"150\" height=\"150\" src=\"https:\/\/www.sudoestehoje.com.br\/novoportal\/wp-content\/uploads\/2023\/07\/WhatsApp-Image-2023-07-10-at-15.56.18-1280x719-1-150x150.jpeg\" class=\"attachment-thumbnail size-thumbnail\" alt=\"\" \/><\/a>\n\t\t\t<\/dt><\/dl><dl class='gallery-item'>\n\t\t\t<dt class='gallery-icon landscape'>\n\t\t\t\t<a href='https:\/\/www.sudoestehoje.com.br\/novoportal\/2023\/07\/10\/itapetinga-prefeito-rodrigo-hagge-oficializa-segunda-escola-civico-militar\/whatsapp-image-2023-07-10-at-15-56-16-1280x719\/'><img loading=\"lazy\" decoding=\"async\" width=\"150\" height=\"150\" src=\"https:\/\/www.sudoestehoje.com.br\/novoportal\/wp-content\/uploads\/2023\/07\/WhatsApp-Image-2023-07-10-at-15.56.16-1280x719-1-150x150.jpeg\" class=\"attachment-thumbnail size-thumbnail\" alt=\"\" \/><\/a>\n\t\t\t<\/dt><\/dl><br style=\"clear: both\" \/>\n\t\t<\/div>\n\n","protected":false},"excerpt":{"rendered":"<p>O prefeito Rodrigo Hagge esteve em Salvador, nesta segunda-feira, 10, para a assinatura do Termo de Acordo de Coopera\u00e7\u00e3o T\u00e9cnica n\u00ba 06\/2023. Ao lado do secret\u00e1rio de Educa\u00e7\u00e3o, Cultura, Ci\u00eancia e Tecnologia, F\u00e1bio Viana, o prefeito oficializou, junto com a PMBA, a implanta\u00e7\u00e3o de segunda escola C\u00edvico Militar de Itapetinga, em funcionamento desde o in\u00edcio [&hellip;]<\/p>\n","protected":false},"author":2,"featured_media":111291,"comment_status":"closed","ping_status":"open","sticky":false,"template":"","format":"standard","meta":{"footnotes":"","_links_to":"","_links_to_target":""},"categories":[1],"tags":[],"class_list":["post-111289","post","type-post","status-publish","format-standard","has-post-thumbnail","hentry","category-geral"],"views":817,"_links":{"self":[{"href":"https:\/\/www.sudoestehoje.com.br\/novoportal\/wp-json\/wp\/v2\/posts\/111289","targetHints":{"allow":["GET"]}}],"collection":[{"href":"https:\/\/www.sudoestehoje.com.br\/novoportal\/wp-json\/wp\/v2\/posts"}],"about":[{"href":"https:\/\/www.sudoestehoje.com.br\/novoportal\/wp-json\/wp\/v2\/types\/post"}],"author":[{"embeddable":true,"href":"https:\/\/www.sudoestehoje.com.br\/novoportal\/wp-json\/wp\/v2\/users\/2"}],"replies":[{"embeddable":true,"href":"https:\/\/www.sudoestehoje.com.br\/novoportal\/wp-json\/wp\/v2\/comments?post=111289"}],"version-history":[{"count":2,"href":"https:\/\/www.sudoestehoje.com.br\/novoportal\/wp-json\/wp\/v2\/posts\/111289\/revisions"}],"predecessor-version":[{"id":111297,"href":"https:\/\/www.sudoestehoje.com.br\/novoportal\/wp-json\/wp\/v2\/posts\/111289\/revisions\/111297"}],"wp:featuredmedia":[{"embeddable":true,"href":"https:\/\/www.sudoestehoje.com.br\/novoportal\/wp-json\/wp\/v2\/media\/111291"}],"wp:attachment":[{"href":"https:\/\/www.sudoestehoje.com.br\/novoportal\/wp-json\/wp\/v2\/media?parent=111289"}],"wp:term":[{"taxonomy":"category","embeddable":true,"href":"https:\/\/www.sudoestehoje.com.br\/novoportal\/wp-json\/wp\/v2\/categories?post=111289"},{"taxonomy":"post_tag","embeddable":true,"href":"https:\/\/www.sudoestehoje.com.br\/novoportal\/wp-json\/wp\/v2\/tags?post=111289"}],"curies":[{"name":"wp","href":"https:\/\/api.w.org\/{rel}","templated":true}]}}