
{"id":111281,"date":"2023-07-10T09:54:44","date_gmt":"2023-07-10T12:54:44","guid":{"rendered":"https:\/\/www.sudoestehoje.com.br\/novoportal\/?p=111281"},"modified":"2023-07-10T09:57:48","modified_gmt":"2023-07-10T12:57:48","slug":"ex-jogador-da-selecao-de-itapetinga-bruno-freire-morre-em-acidente-no-extremo-sul","status":"publish","type":"post","link":"https:\/\/www.sudoestehoje.com.br\/novoportal\/2023\/07\/10\/ex-jogador-da-selecao-de-itapetinga-bruno-freire-morre-em-acidente-no-extremo-sul\/","title":{"rendered":"EX-JOGADOR DA SELE\u00c7\u00c3O DE ITAPETINGA, BRUNO FREIRE, MORRE EM ACIDENTE NO EXTREMO SUL"},"content":{"rendered":"<p><a href=\"https:\/\/www.sudoestehoje.com.br\/novoportal\/wp-content\/uploads\/2023\/07\/BANNER-LINEUP-550x100-1.gif\"><img loading=\"lazy\" decoding=\"async\" class=\"aligncenter size-full wp-image-111261\" src=\"https:\/\/www.sudoestehoje.com.br\/novoportal\/wp-content\/uploads\/2023\/07\/BANNER-LINEUP-550x100-1.gif\" alt=\"\" width=\"550\" height=\"100\" \/><\/a><\/p>\n<p><a href=\"https:\/\/www.sudoestehoje.com.br\/novoportal\/wp-content\/uploads\/2023\/07\/luto-Bruno-jogador-1.jpg\"><img loading=\"lazy\" decoding=\"async\" class=\"aligncenter wp-image-111283\" src=\"https:\/\/www.sudoestehoje.com.br\/novoportal\/wp-content\/uploads\/2023\/07\/luto-Bruno-jogador-1.jpg\" alt=\"\" width=\"540\" height=\"324\" \/><\/a><\/p>\n<p><strong>Faleceu, em um grave acidente de ve\u00edculo, o ex-jogador da sele\u00e7\u00e3o de Itapetinga, Bruno Silva Freire, natural da vizinha cidade de Vit\u00f3ria da Conquista.<\/strong><\/p>\n<p><strong>De acordo com informa\u00e7\u00f5es do Blog do Rodrigo Ferraz, Bruno perdeu a vida em um tr\u00e1gico acidente, deixando uma lacuna irrepar\u00e1vel no mundo do esporte e na comunidade em que vivia. <\/strong><\/p>\n<p><strong>O triste acontecimento foi registrado no Extremo Sul da Bahia.<\/strong><\/p>\n<p><strong><em>Reda\u00e7\u00e3o<\/em><\/strong><\/p>\n","protected":false},"excerpt":{"rendered":"<p>Faleceu, em um grave acidente de ve\u00edculo, o ex-jogador da sele\u00e7\u00e3o de Itapetinga, Bruno Silva Freire, natural da vizinha cidade de Vit\u00f3ria da Conquista. De acordo com informa\u00e7\u00f5es do Blog do Rodrigo Ferraz, Bruno perdeu a vida em um tr\u00e1gico acidente, deixando uma lacuna irrepar\u00e1vel no mundo do esporte e na comunidade em que vivia. [&hellip;]<\/p>\n","protected":false},"author":2,"featured_media":111283,"comment_status":"closed","ping_status":"open","sticky":false,"template":"","format":"standard","meta":{"footnotes":"","_links_to":"","_links_to_target":""},"categories":[1],"tags":[],"class_list":["post-111281","post","type-post","status-publish","format-standard","has-post-thumbnail","hentry","category-geral"],"views":1650,"_links":{"self":[{"href":"https:\/\/www.sudoestehoje.com.br\/novoportal\/wp-json\/wp\/v2\/posts\/111281","targetHints":{"allow":["GET"]}}],"collection":[{"href":"https:\/\/www.sudoestehoje.com.br\/novoportal\/wp-json\/wp\/v2\/posts"}],"about":[{"href":"https:\/\/www.sudoestehoje.com.br\/novoportal\/wp-json\/wp\/v2\/types\/post"}],"author":[{"embeddable":true,"href":"https:\/\/www.sudoestehoje.com.br\/novoportal\/wp-json\/wp\/v2\/users\/2"}],"replies":[{"embeddable":true,"href":"https:\/\/www.sudoestehoje.com.br\/novoportal\/wp-json\/wp\/v2\/comments?post=111281"}],"version-history":[{"count":4,"href":"https:\/\/www.sudoestehoje.com.br\/novoportal\/wp-json\/wp\/v2\/posts\/111281\/revisions"}],"predecessor-version":[{"id":111288,"href":"https:\/\/www.sudoestehoje.com.br\/novoportal\/wp-json\/wp\/v2\/posts\/111281\/revisions\/111288"}],"wp:featuredmedia":[{"embeddable":true,"href":"https:\/\/www.sudoestehoje.com.br\/novoportal\/wp-json\/wp\/v2\/media\/111283"}],"wp:attachment":[{"href":"https:\/\/www.sudoestehoje.com.br\/novoportal\/wp-json\/wp\/v2\/media?parent=111281"}],"wp:term":[{"taxonomy":"category","embeddable":true,"href":"https:\/\/www.sudoestehoje.com.br\/novoportal\/wp-json\/wp\/v2\/categories?post=111281"},{"taxonomy":"post_tag","embeddable":true,"href":"https:\/\/www.sudoestehoje.com.br\/novoportal\/wp-json\/wp\/v2\/tags?post=111281"}],"curies":[{"name":"wp","href":"https:\/\/api.w.org\/{rel}","templated":true}]}}