
{"id":111272,"date":"2023-07-09T18:48:25","date_gmt":"2023-07-09T21:48:25","guid":{"rendered":"https:\/\/www.sudoestehoje.com.br\/novoportal\/?p=111272"},"modified":"2023-07-10T09:28:55","modified_gmt":"2023-07-10T12:28:55","slug":"triste-cinco-pessoas-morrem-em-grave-acidente-na-regiao-oeste-da-bahia","status":"publish","type":"post","link":"https:\/\/www.sudoestehoje.com.br\/novoportal\/2023\/07\/09\/triste-cinco-pessoas-morrem-em-grave-acidente-na-regiao-oeste-da-bahia\/","title":{"rendered":"TRISTE | CINCO PESSOAS MORREM EM GRAVE ACIDENTE NA REGI\u00c3O OESTE DA BAHIA"},"content":{"rendered":"<p><a href=\"https:\/\/www.sudoestehoje.com.br\/novoportal\/wp-content\/uploads\/2023\/07\/BANNER-LINEUP-550x100-1.gif\"><img loading=\"lazy\" decoding=\"async\" class=\"aligncenter size-full wp-image-111261\" src=\"https:\/\/www.sudoestehoje.com.br\/novoportal\/wp-content\/uploads\/2023\/07\/BANNER-LINEUP-550x100-1.gif\" alt=\"\" width=\"550\" height=\"100\" \/><\/a><\/p>\n<p><a href=\"https:\/\/www.sudoestehoje.com.br\/novoportal\/wp-content\/uploads\/2023\/07\/IMAGEM_NOTICIA_5-1.webp\"><img loading=\"lazy\" decoding=\"async\" class=\"aligncenter wp-image-111273\" src=\"https:\/\/www.sudoestehoje.com.br\/novoportal\/wp-content\/uploads\/2023\/07\/IMAGEM_NOTICIA_5-1.webp\" alt=\"\" width=\"551\" height=\"351\" \/><\/a><\/p>\n<p><strong>Um acidente deixou cinco pessoas mortas na BR-242, pr\u00f3ximo ao Povoado KM 30, na cidade de\u00a0Barreiras, regi\u00e3o da Bacia do Rio Grande.\u00a0<\/strong><\/p>\n<p><strong>O acidente aconteceu por volta das 6h deste domingo (9), envolvendo um Jeep\/Compass e um VW\/Gol. De acordo com informa\u00e7\u00f5es, quatro ocupantes do Gol morreram na hora. Uma crian\u00e7a foi socorrida pelo Servi\u00e7o de Atendimento M\u00f3vel de Urg\u00eancia (SAMU), mas n\u00e3o resistiu.<\/strong><\/p>\n<p><strong>A fam\u00edlia que estava no VW\/Gol seguia sentido Barreiras, enquanto o outro ve\u00edculo estava no sentido Lu\u00eds Eduardo Magalh\u00e3es. Um dos motoristas teria dormido ao volante e invadido a faixa contr\u00e1ria, provocando uma violenta colis\u00e3o frontal.\u00a0<\/strong><\/p>\n<p><strong>Destro\u00e7os dos ve\u00edculos ficaram espalhados pela rodovia. O motor do Gol foi arrancado do ve\u00edculo. A Pol\u00edcia Rodovi\u00e1ria Federal foi acionada, registrou o acidente e controlou o tr\u00e2nsito por Pare\/Siga, com interdi\u00e7\u00e3o total em alguns momentos para o resgate e remo\u00e7\u00e3o dos corpos.<\/strong><\/p>\n<p><strong>O 17\u00ba Batalh\u00e3o de Bombeiros Militar foi acionado para resgatar v\u00edtimas presas \u00e1s ferragens.<\/strong><\/p>\n","protected":false},"excerpt":{"rendered":"<p>Um acidente deixou cinco pessoas mortas na BR-242, pr\u00f3ximo ao Povoado KM 30, na cidade de\u00a0Barreiras, regi\u00e3o da Bacia do Rio Grande.\u00a0 O acidente aconteceu por volta das 6h deste domingo (9), envolvendo um Jeep\/Compass e um VW\/Gol. De acordo com informa\u00e7\u00f5es, quatro ocupantes do Gol morreram na hora. Uma crian\u00e7a foi socorrida pelo Servi\u00e7o [&hellip;]<\/p>\n","protected":false},"author":2,"featured_media":111273,"comment_status":"closed","ping_status":"open","sticky":false,"template":"","format":"standard","meta":{"footnotes":"","_links_to":"","_links_to_target":""},"categories":[1],"tags":[],"class_list":["post-111272","post","type-post","status-publish","format-standard","has-post-thumbnail","hentry","category-geral"],"views":1373,"_links":{"self":[{"href":"https:\/\/www.sudoestehoje.com.br\/novoportal\/wp-json\/wp\/v2\/posts\/111272","targetHints":{"allow":["GET"]}}],"collection":[{"href":"https:\/\/www.sudoestehoje.com.br\/novoportal\/wp-json\/wp\/v2\/posts"}],"about":[{"href":"https:\/\/www.sudoestehoje.com.br\/novoportal\/wp-json\/wp\/v2\/types\/post"}],"author":[{"embeddable":true,"href":"https:\/\/www.sudoestehoje.com.br\/novoportal\/wp-json\/wp\/v2\/users\/2"}],"replies":[{"embeddable":true,"href":"https:\/\/www.sudoestehoje.com.br\/novoportal\/wp-json\/wp\/v2\/comments?post=111272"}],"version-history":[{"count":2,"href":"https:\/\/www.sudoestehoje.com.br\/novoportal\/wp-json\/wp\/v2\/posts\/111272\/revisions"}],"predecessor-version":[{"id":111280,"href":"https:\/\/www.sudoestehoje.com.br\/novoportal\/wp-json\/wp\/v2\/posts\/111272\/revisions\/111280"}],"wp:featuredmedia":[{"embeddable":true,"href":"https:\/\/www.sudoestehoje.com.br\/novoportal\/wp-json\/wp\/v2\/media\/111273"}],"wp:attachment":[{"href":"https:\/\/www.sudoestehoje.com.br\/novoportal\/wp-json\/wp\/v2\/media?parent=111272"}],"wp:term":[{"taxonomy":"category","embeddable":true,"href":"https:\/\/www.sudoestehoje.com.br\/novoportal\/wp-json\/wp\/v2\/categories?post=111272"},{"taxonomy":"post_tag","embeddable":true,"href":"https:\/\/www.sudoestehoje.com.br\/novoportal\/wp-json\/wp\/v2\/tags?post=111272"}],"curies":[{"name":"wp","href":"https:\/\/api.w.org\/{rel}","templated":true}]}}