
{"id":111266,"date":"2023-07-09T18:22:47","date_gmt":"2023-07-09T21:22:47","guid":{"rendered":"https:\/\/www.sudoestehoje.com.br\/novoportal\/?p=111266"},"modified":"2023-07-09T18:36:51","modified_gmt":"2023-07-09T21:36:51","slug":"regiao-estrelas-da-terra-abre-semana-cultural-de-maiquinique-na-proxima-quinta","status":"publish","type":"post","link":"https:\/\/www.sudoestehoje.com.br\/novoportal\/2023\/07\/09\/regiao-estrelas-da-terra-abre-semana-cultural-de-maiquinique-na-proxima-quinta\/","title":{"rendered":"REGI\u00c3O | &#8216;ESTRELAS DA TERRA&#8217; ABRE SEMANA CULTURAL DE MAIQUINIQUE NA PR\u00d3XIMA QUINTA"},"content":{"rendered":"<p><a href=\"https:\/\/www.sudoestehoje.com.br\/novoportal\/wp-content\/uploads\/2023\/07\/BANNER-LINEUP-550x100-1.gif\"><img loading=\"lazy\" decoding=\"async\" class=\"aligncenter size-full wp-image-111261\" src=\"https:\/\/www.sudoestehoje.com.br\/novoportal\/wp-content\/uploads\/2023\/07\/BANNER-LINEUP-550x100-1.gif\" alt=\"\" width=\"550\" height=\"100\" \/><\/a><\/p>\n<p><a href=\"https:\/\/www.sudoestehoje.com.br\/novoportal\/wp-content\/uploads\/2023\/07\/WhatsApp-Image-2023-07-09-at-18.16.12.jpeg\"><img loading=\"lazy\" decoding=\"async\" class=\"aligncenter wp-image-111268\" src=\"https:\/\/www.sudoestehoje.com.br\/novoportal\/wp-content\/uploads\/2023\/07\/WhatsApp-Image-2023-07-09-at-18.16.12-600x750.jpeg\" alt=\"\" width=\"550\" height=\"688\" srcset=\"https:\/\/www.sudoestehoje.com.br\/novoportal\/wp-content\/uploads\/2023\/07\/WhatsApp-Image-2023-07-09-at-18.16.12-600x750.jpeg 600w, https:\/\/www.sudoestehoje.com.br\/novoportal\/wp-content\/uploads\/2023\/07\/WhatsApp-Image-2023-07-09-at-18.16.12-700x875.jpeg 700w, https:\/\/www.sudoestehoje.com.br\/novoportal\/wp-content\/uploads\/2023\/07\/WhatsApp-Image-2023-07-09-at-18.16.12-768x960.jpeg 768w, https:\/\/www.sudoestehoje.com.br\/novoportal\/wp-content\/uploads\/2023\/07\/WhatsApp-Image-2023-07-09-at-18.16.12-1229x1536.jpeg 1229w, https:\/\/www.sudoestehoje.com.br\/novoportal\/wp-content\/uploads\/2023\/07\/WhatsApp-Image-2023-07-09-at-18.16.12.jpeg 1280w\" sizes=\"auto, (max-width: 550px) 100vw, 550px\" \/><\/a><\/p>\n<p><strong>Venha celebrar o anivers\u00e1rio de Maiquinique na Semana Cultural! No dia 13 de quinta-feira, a prefeita Val\u00e9ria Silveira e a Secretaria de Cultura, Esporte e Lazer tem o prazer de apresentar &#8220;Estrelas da Terra&#8221;. <\/strong><\/p>\n<p><strong>Um dia especial dedicado aos talentosos artistas locais. N\u00e3o perca essa incr\u00edvel oportunidade de prestigiar nossos talentos. Venha e seja parte dessa festa \u00fanica! #SemanaCultural #EstrelasdaTerra #Maiquinique<\/strong><\/p>\n","protected":false},"excerpt":{"rendered":"<p>Venha celebrar o anivers\u00e1rio de Maiquinique na Semana Cultural! No dia 13 de quinta-feira, a prefeita Val\u00e9ria Silveira e a Secretaria de Cultura, Esporte e Lazer tem o prazer de apresentar &#8220;Estrelas da Terra&#8221;. Um dia especial dedicado aos talentosos artistas locais. N\u00e3o perca essa incr\u00edvel oportunidade de prestigiar nossos talentos. Venha e seja parte [&hellip;]<\/p>\n","protected":false},"author":2,"featured_media":111268,"comment_status":"closed","ping_status":"open","sticky":false,"template":"","format":"standard","meta":{"footnotes":"","_links_to":"","_links_to_target":""},"categories":[1],"tags":[],"class_list":["post-111266","post","type-post","status-publish","format-standard","has-post-thumbnail","hentry","category-geral"],"views":698,"_links":{"self":[{"href":"https:\/\/www.sudoestehoje.com.br\/novoportal\/wp-json\/wp\/v2\/posts\/111266","targetHints":{"allow":["GET"]}}],"collection":[{"href":"https:\/\/www.sudoestehoje.com.br\/novoportal\/wp-json\/wp\/v2\/posts"}],"about":[{"href":"https:\/\/www.sudoestehoje.com.br\/novoportal\/wp-json\/wp\/v2\/types\/post"}],"author":[{"embeddable":true,"href":"https:\/\/www.sudoestehoje.com.br\/novoportal\/wp-json\/wp\/v2\/users\/2"}],"replies":[{"embeddable":true,"href":"https:\/\/www.sudoestehoje.com.br\/novoportal\/wp-json\/wp\/v2\/comments?post=111266"}],"version-history":[{"count":4,"href":"https:\/\/www.sudoestehoje.com.br\/novoportal\/wp-json\/wp\/v2\/posts\/111266\/revisions"}],"predecessor-version":[{"id":111271,"href":"https:\/\/www.sudoestehoje.com.br\/novoportal\/wp-json\/wp\/v2\/posts\/111266\/revisions\/111271"}],"wp:featuredmedia":[{"embeddable":true,"href":"https:\/\/www.sudoestehoje.com.br\/novoportal\/wp-json\/wp\/v2\/media\/111268"}],"wp:attachment":[{"href":"https:\/\/www.sudoestehoje.com.br\/novoportal\/wp-json\/wp\/v2\/media?parent=111266"}],"wp:term":[{"taxonomy":"category","embeddable":true,"href":"https:\/\/www.sudoestehoje.com.br\/novoportal\/wp-json\/wp\/v2\/categories?post=111266"},{"taxonomy":"post_tag","embeddable":true,"href":"https:\/\/www.sudoestehoje.com.br\/novoportal\/wp-json\/wp\/v2\/tags?post=111266"}],"curies":[{"name":"wp","href":"https:\/\/api.w.org\/{rel}","templated":true}]}}