
{"id":111256,"date":"2023-07-09T17:51:24","date_gmt":"2023-07-09T20:51:24","guid":{"rendered":"https:\/\/www.sudoestehoje.com.br\/novoportal\/?p=111256"},"modified":"2023-07-09T18:05:35","modified_gmt":"2023-07-09T21:05:35","slug":"itarantim-felipe-freire-e-destaque-em-encontro-do-mdb-em-vitoria-da-conquista","status":"publish","type":"post","link":"https:\/\/www.sudoestehoje.com.br\/novoportal\/2023\/07\/09\/itarantim-felipe-freire-e-destaque-em-encontro-do-mdb-em-vitoria-da-conquista\/","title":{"rendered":"ITARANTIM | FELIPE FREIRE \u00c9 DESTAQUE EM ENCONTRO DO MDB EM VIT\u00d3RIA DA CONQUISTA"},"content":{"rendered":"<p><a href=\"https:\/\/www.sudoestehoje.com.br\/novoportal\/wp-content\/uploads\/2023\/07\/BANNER-LINEUP-550x100-1.gif\"><img loading=\"lazy\" decoding=\"async\" class=\"aligncenter size-full wp-image-111261\" src=\"https:\/\/www.sudoestehoje.com.br\/novoportal\/wp-content\/uploads\/2023\/07\/BANNER-LINEUP-550x100-1.gif\" alt=\"\" width=\"550\" height=\"100\" \/><\/a><\/p>\n<p><a href=\"https:\/\/www.sudoestehoje.com.br\/novoportal\/wp-content\/uploads\/2023\/07\/IMG-20230709-WA0685.jpg\"><img loading=\"lazy\" decoding=\"async\" class=\"aligncenter wp-image-111254\" src=\"https:\/\/www.sudoestehoje.com.br\/novoportal\/wp-content\/uploads\/2023\/07\/IMG-20230709-WA0685-600x337.jpg\" alt=\"\" width=\"549\" height=\"308\" srcset=\"https:\/\/www.sudoestehoje.com.br\/novoportal\/wp-content\/uploads\/2023\/07\/IMG-20230709-WA0685-600x337.jpg 600w, https:\/\/www.sudoestehoje.com.br\/novoportal\/wp-content\/uploads\/2023\/07\/IMG-20230709-WA0685-700x394.jpg 700w, https:\/\/www.sudoestehoje.com.br\/novoportal\/wp-content\/uploads\/2023\/07\/IMG-20230709-WA0685-768x432.jpg 768w, https:\/\/www.sudoestehoje.com.br\/novoportal\/wp-content\/uploads\/2023\/07\/IMG-20230709-WA0685.jpg 948w\" sizes=\"auto, (max-width: 549px) 100vw, 549px\" \/><\/a><\/p>\n<p style=\"background: white;\"><b><span style=\"font-family: 'Arial',sans-serif; color: #3d3d3d;\">\u00c0 convite do Presidente Estadual do MDB, Alexsandro Freitas, e do presidente de honra L\u00facio Vieira Lima, Felipe Freire compareceu ao lan\u00e7amento da pr\u00e9-candidatura de L\u00facia Rocha \u00e0 prefeitura de Vit\u00f3ria da Conquista, na manh\u00e3 do \u00faltimo s\u00e1bado (8).<\/span><\/b><b><\/b><\/p>\n<p style=\"background: white; font-variant-ligatures: normal; font-variant-caps: normal; orphans: 2; text-align: start; widows: 2; -webkit-text-stroke-width: 0px; text-decoration-thickness: initial; text-decoration-style: initial; text-decoration-color: initial; word-spacing: 0px;\"><b><span style=\"font-family: 'Arial',sans-serif; color: #3d3d3d;\">No evento, estiveram presentes o Secret\u00e1rio Estadual de Administra\u00e7\u00e3o Penitenci\u00e1ria e Ressocializa\u00e7\u00e3o, Jos\u00e9 Maia, a Secret\u00e1ria Estadual de Infraestrutura H\u00eddrica e Saneamento, Larissa Moraes, o Presidente de Honra do MDB, L\u00facio Vieira Lima, al\u00e9m de\u00a0 diversas lideran\u00e7as de toda a regi\u00e3o.<\/span><\/b><b><\/b><\/p>\n<p><a href=\"https:\/\/www.sudoestehoje.com.br\/novoportal\/wp-content\/uploads\/2023\/07\/IMG_20230709_144630.jpg\"><img loading=\"lazy\" decoding=\"async\" class=\"aligncenter wp-image-111250\" src=\"https:\/\/www.sudoestehoje.com.br\/novoportal\/wp-content\/uploads\/2023\/07\/IMG_20230709_144630-600x544.jpg\" alt=\"\" width=\"550\" height=\"499\" srcset=\"https:\/\/www.sudoestehoje.com.br\/novoportal\/wp-content\/uploads\/2023\/07\/IMG_20230709_144630-600x544.jpg 600w, https:\/\/www.sudoestehoje.com.br\/novoportal\/wp-content\/uploads\/2023\/07\/IMG_20230709_144630-700x634.jpg 700w, https:\/\/www.sudoestehoje.com.br\/novoportal\/wp-content\/uploads\/2023\/07\/IMG_20230709_144630-768x696.jpg 768w, https:\/\/www.sudoestehoje.com.br\/novoportal\/wp-content\/uploads\/2023\/07\/IMG_20230709_144630.jpg 979w\" sizes=\"auto, (max-width: 550px) 100vw, 550px\" \/><\/a><\/p>\n<p style=\"background: white; font-variant-ligatures: normal; font-variant-caps: normal; orphans: 2; text-align: start; widows: 2; -webkit-text-stroke-width: 0px; text-decoration-thickness: initial; text-decoration-style: initial; text-decoration-color: initial; word-spacing: 0px;\"><b><span style=\"font-family: 'Arial',sans-serif; color: #3d3d3d;\">Convidado para fazer parte da mesa, durante o encontro, Felipe Freire tem se destacado regionalmente em eventos do partido, sendo cogitado para disputar a prefeitura de Itarantim em 2024\u00a0 <em>\/\/Com informa\u00e7\u00f5es do site <\/em><\/span><\/b><em><b><span style=\"font-family: 'Arial',sans-serif; color: #3d3d3d;\">Politize Itarantim\u00a0<\/span><\/b><\/em><\/p>\n\n\t\t<style type=\"text\/css\">\n\t\t\t#gallery-1 {\n\t\t\t\tmargin: auto;\n\t\t\t}\n\t\t\t#gallery-1 .gallery-item {\n\t\t\t\tfloat: left;\n\t\t\t\tmargin-top: 10px;\n\t\t\t\ttext-align: center;\n\t\t\t\twidth: 33%;\n\t\t\t}\n\t\t\t#gallery-1 img {\n\t\t\t\tborder: 2px solid #cfcfcf;\n\t\t\t}\n\t\t\t#gallery-1 .gallery-caption {\n\t\t\t\tmargin-left: 0;\n\t\t\t}\n\t\t\t\/* see gallery_shortcode() in wp-includes\/media.php *\/\n\t\t<\/style>\n\t\t<div id='gallery-1' class='gallery galleryid-111256 gallery-columns-3 gallery-size-thumbnail'><dl class='gallery-item'>\n\t\t\t<dt class='gallery-icon landscape'>\n\t\t\t\t<a href='https:\/\/www.sudoestehoje.com.br\/novoportal\/img-20230709-wa0558\/'><img loading=\"lazy\" decoding=\"async\" width=\"150\" height=\"150\" src=\"https:\/\/www.sudoestehoje.com.br\/novoportal\/wp-content\/uploads\/2023\/07\/IMG-20230709-WA0558-150x150.jpg\" class=\"attachment-thumbnail size-thumbnail\" alt=\"\" \/><\/a>\n\t\t\t<\/dt><\/dl><dl class='gallery-item'>\n\t\t\t<dt class='gallery-icon landscape'>\n\t\t\t\t<a href='https:\/\/www.sudoestehoje.com.br\/novoportal\/img-20230709-wa0557\/'><img loading=\"lazy\" decoding=\"async\" width=\"150\" height=\"150\" src=\"https:\/\/www.sudoestehoje.com.br\/novoportal\/wp-content\/uploads\/2023\/07\/IMG-20230709-WA0557-150x150.jpg\" class=\"attachment-thumbnail size-thumbnail\" alt=\"\" \/><\/a>\n\t\t\t<\/dt><\/dl><dl class='gallery-item'>\n\t\t\t<dt class='gallery-icon landscape'>\n\t\t\t\t<a href='https:\/\/www.sudoestehoje.com.br\/novoportal\/img-20230709-wa0556\/'><img loading=\"lazy\" decoding=\"async\" width=\"150\" height=\"150\" src=\"https:\/\/www.sudoestehoje.com.br\/novoportal\/wp-content\/uploads\/2023\/07\/IMG-20230709-WA0556-150x150.jpg\" class=\"attachment-thumbnail size-thumbnail\" alt=\"\" \/><\/a>\n\t\t\t<\/dt><\/dl><br style=\"clear: both\" \/>\n\t\t<\/div>\n\n","protected":false},"excerpt":{"rendered":"<p>\u00c0 convite do Presidente Estadual do MDB, Alexsandro Freitas, e do presidente de honra L\u00facio Vieira Lima, Felipe Freire compareceu ao lan\u00e7amento da pr\u00e9-candidatura de L\u00facia Rocha \u00e0 prefeitura de Vit\u00f3ria da Conquista, na manh\u00e3 do \u00faltimo s\u00e1bado (8). No evento, estiveram presentes o Secret\u00e1rio Estadual de Administra\u00e7\u00e3o Penitenci\u00e1ria e Ressocializa\u00e7\u00e3o, Jos\u00e9 Maia, a Secret\u00e1ria [&hellip;]<\/p>\n","protected":false},"author":2,"featured_media":111254,"comment_status":"closed","ping_status":"open","sticky":false,"template":"","format":"standard","meta":{"footnotes":"","_links_to":"","_links_to_target":""},"categories":[1],"tags":[],"class_list":["post-111256","post","type-post","status-publish","format-standard","has-post-thumbnail","hentry","category-geral"],"views":765,"_links":{"self":[{"href":"https:\/\/www.sudoestehoje.com.br\/novoportal\/wp-json\/wp\/v2\/posts\/111256","targetHints":{"allow":["GET"]}}],"collection":[{"href":"https:\/\/www.sudoestehoje.com.br\/novoportal\/wp-json\/wp\/v2\/posts"}],"about":[{"href":"https:\/\/www.sudoestehoje.com.br\/novoportal\/wp-json\/wp\/v2\/types\/post"}],"author":[{"embeddable":true,"href":"https:\/\/www.sudoestehoje.com.br\/novoportal\/wp-json\/wp\/v2\/users\/2"}],"replies":[{"embeddable":true,"href":"https:\/\/www.sudoestehoje.com.br\/novoportal\/wp-json\/wp\/v2\/comments?post=111256"}],"version-history":[{"count":6,"href":"https:\/\/www.sudoestehoje.com.br\/novoportal\/wp-json\/wp\/v2\/posts\/111256\/revisions"}],"predecessor-version":[{"id":111265,"href":"https:\/\/www.sudoestehoje.com.br\/novoportal\/wp-json\/wp\/v2\/posts\/111256\/revisions\/111265"}],"wp:featuredmedia":[{"embeddable":true,"href":"https:\/\/www.sudoestehoje.com.br\/novoportal\/wp-json\/wp\/v2\/media\/111254"}],"wp:attachment":[{"href":"https:\/\/www.sudoestehoje.com.br\/novoportal\/wp-json\/wp\/v2\/media?parent=111256"}],"wp:term":[{"taxonomy":"category","embeddable":true,"href":"https:\/\/www.sudoestehoje.com.br\/novoportal\/wp-json\/wp\/v2\/categories?post=111256"},{"taxonomy":"post_tag","embeddable":true,"href":"https:\/\/www.sudoestehoje.com.br\/novoportal\/wp-json\/wp\/v2\/tags?post=111256"}],"curies":[{"name":"wp","href":"https:\/\/api.w.org\/{rel}","templated":true}]}}