
{"id":111232,"date":"2023-07-08T01:04:16","date_gmt":"2023-07-08T04:04:16","guid":{"rendered":"https:\/\/www.sudoestehoje.com.br\/novoportal\/?p=111232"},"modified":"2023-07-08T08:08:54","modified_gmt":"2023-07-08T11:08:54","slug":"luto-morre-carlito-nova-ex-tabeliao-da-comarca-de-itapetinga","status":"publish","type":"post","link":"https:\/\/www.sudoestehoje.com.br\/novoportal\/2023\/07\/08\/luto-morre-carlito-nova-ex-tabeliao-da-comarca-de-itapetinga\/","title":{"rendered":"LUTO | MORRE CARLITO NOVA, EX-TABELI\u00c3O DA COMARCA DE ITAPETINGA"},"content":{"rendered":"<p><a href=\"https:\/\/www.sudoestehoje.com.br\/novoportal\/wp-content\/uploads\/2023\/07\/9bee2ee6-51a6-4ef1-88d3-aa63c839d161.jpg\"><img loading=\"lazy\" decoding=\"async\" class=\"aligncenter wp-image-111236\" src=\"https:\/\/www.sudoestehoje.com.br\/novoportal\/wp-content\/uploads\/2023\/07\/9bee2ee6-51a6-4ef1-88d3-aa63c839d161.jpg\" alt=\"\" width=\"550\" height=\"662\" \/><\/a><\/p>\n<p><strong>Faleceu, na noite desta sexta-feira (7), o ex-tabeli\u00e3o da comarca de Itapetinga, Carlos Alberto Bahia da Nova (Carlito), aos 95 anos, de causas naturais, em sua resid\u00eancia localizada em Itapetinga.<\/strong><\/p>\n<p><strong>Natural de Salvador, Carlito Nova morou em Macarani e veio para Itapetinga na d\u00e9cada de 1960, para assumir o Tabelionato de Notas e Of\u00edcios, fun\u00e7\u00e3o que exerceu at\u00e9 a sua aposentadoria, nos anos 90.<\/strong><\/p>\n<p><strong>Casado com D. Selen\u00ea (in memoria), Carlito nova teve 4 filhos: Carlos Alberto Nova Filho, Ligia Nova, Rubinho Nova e Luiz Nova, ex-deputado estadual, 6 netos e 9 bisnetos.<\/strong><\/p>\n<p><strong>O Sudoeste Hoje lamenta profundamente a perda de pessoa t\u00e3o querida e respeitada na nossa sociedade e manifesta o seu pesar \u00e0 fam\u00edlia enlutada.<\/strong><\/p>\n<p><strong>O vel\u00f3rio ser\u00e1 na Loja Ma\u00e7\u00f4nica.<\/strong><\/p>\n<p><strong>Davi Ferraz &#8211; Editor<\/strong><\/p>\n","protected":false},"excerpt":{"rendered":"<p>Faleceu, na noite desta sexta-feira (7), o ex-tabeli\u00e3o da comarca de Itapetinga, Carlos Alberto Bahia da Nova (Carlito), aos 95 anos, de causas naturais, em sua resid\u00eancia localizada em Itapetinga. Natural de Salvador, Carlito Nova morou em Macarani e veio para Itapetinga na d\u00e9cada de 1960, para assumir o Tabelionato de Notas e Of\u00edcios, fun\u00e7\u00e3o [&hellip;]<\/p>\n","protected":false},"author":2,"featured_media":111236,"comment_status":"closed","ping_status":"open","sticky":false,"template":"","format":"standard","meta":{"footnotes":"","_links_to":"","_links_to_target":""},"categories":[1],"tags":[],"class_list":["post-111232","post","type-post","status-publish","format-standard","has-post-thumbnail","hentry","category-geral"],"views":2562,"_links":{"self":[{"href":"https:\/\/www.sudoestehoje.com.br\/novoportal\/wp-json\/wp\/v2\/posts\/111232","targetHints":{"allow":["GET"]}}],"collection":[{"href":"https:\/\/www.sudoestehoje.com.br\/novoportal\/wp-json\/wp\/v2\/posts"}],"about":[{"href":"https:\/\/www.sudoestehoje.com.br\/novoportal\/wp-json\/wp\/v2\/types\/post"}],"author":[{"embeddable":true,"href":"https:\/\/www.sudoestehoje.com.br\/novoportal\/wp-json\/wp\/v2\/users\/2"}],"replies":[{"embeddable":true,"href":"https:\/\/www.sudoestehoje.com.br\/novoportal\/wp-json\/wp\/v2\/comments?post=111232"}],"version-history":[{"count":6,"href":"https:\/\/www.sudoestehoje.com.br\/novoportal\/wp-json\/wp\/v2\/posts\/111232\/revisions"}],"predecessor-version":[{"id":111240,"href":"https:\/\/www.sudoestehoje.com.br\/novoportal\/wp-json\/wp\/v2\/posts\/111232\/revisions\/111240"}],"wp:featuredmedia":[{"embeddable":true,"href":"https:\/\/www.sudoestehoje.com.br\/novoportal\/wp-json\/wp\/v2\/media\/111236"}],"wp:attachment":[{"href":"https:\/\/www.sudoestehoje.com.br\/novoportal\/wp-json\/wp\/v2\/media?parent=111232"}],"wp:term":[{"taxonomy":"category","embeddable":true,"href":"https:\/\/www.sudoestehoje.com.br\/novoportal\/wp-json\/wp\/v2\/categories?post=111232"},{"taxonomy":"post_tag","embeddable":true,"href":"https:\/\/www.sudoestehoje.com.br\/novoportal\/wp-json\/wp\/v2\/tags?post=111232"}],"curies":[{"name":"wp","href":"https:\/\/api.w.org\/{rel}","templated":true}]}}