
{"id":11119,"date":"2011-12-13T18:24:51","date_gmt":"2011-12-13T21:24:51","guid":{"rendered":"http:\/\/www.sudoestehoje.com.br\/novoportal\/?p=11119"},"modified":"2011-12-13T18:24:51","modified_gmt":"2011-12-13T21:24:51","slug":"lei-geral-da-copa-pode-alterar-ferias-escolares-de-2014","status":"publish","type":"post","link":"https:\/\/www.sudoestehoje.com.br\/novoportal\/2011\/12\/13\/lei-geral-da-copa-pode-alterar-ferias-escolares-de-2014\/","title":{"rendered":"LEI GERAL DA COPA PODE ALTERAR F\u00c9RIAS ESCOLARES DE 2014"},"content":{"rendered":"<p style=\"text-align: center;\"><img decoding=\"async\" class=\"aligncenter\" src=\"http:\/\/blogs.lancenet.com.br\/charges\/wp-content\/uploads\/2010\/07\/chrg07141.jpg\" alt=\"\" width=\"500\" \/><\/p>\n<p>O relator da Comiss\u00e3o Especial da Lei Geral da Copa na C\u00e2mara, deputado federal Vicente C\u00e2ndido (PT-SP), informou ao\u00a0<strong>G1<\/strong>que incluiu no texto final do projeto uma mudan\u00e7a no calend\u00e1rio escolar de 2014 para antecipar o in\u00edcio das aulas e aumentar o per\u00edodo das f\u00e9rias de julho em toda a rede escolar durante o Mundial de futebol no Brasil.<\/p>\n<p>Ele afirmou que a altera\u00e7\u00e3o no relat\u00f3rio final ser\u00e1 apresentada oficialmente nesta ter\u00e7a-feira (13), quando a Lei Geral deve ser votada na comiss\u00e3o especial. Se aprovado na comiss\u00e3o, o texto, que tramita em regime de prioridade, vai direto para o plen\u00e1rio. Depois, ainda precisa ir para o Senado antes de ser sancionado pela presidente Dilma Rousseff.<\/p>\n<p>Na maioria dos estados, as aulas come\u00e7am no fim de fevereiro e as f\u00e9rias de meio de ano duram todo o m\u00eas de julho. De acordo com o calend\u00e1rio proposto pelo deputado, que valeria, segundo ele, tanto para rede p\u00fablica quanto para rede privada, o ano letivo come\u00e7ar\u00e1 no dia 20 de janeiro de 2014 e as f\u00e9rias do meio de ano v\u00e3o de 11 de junho a 21 de julho.<\/p>\n<p><strong><em>Do G1<\/em><\/strong><\/p>\n","protected":false},"excerpt":{"rendered":"<p>O relator da Comiss\u00e3o Especial da Lei Geral da Copa na C\u00e2mara, deputado federal Vicente C\u00e2ndido (PT-SP), informou ao\u00a0G1que incluiu no texto final do projeto uma mudan\u00e7a no calend\u00e1rio escolar de 2014 para antecipar o in\u00edcio das aulas e aumentar o per\u00edodo das f\u00e9rias de julho em toda a rede escolar durante o Mundial de [&hellip;]<\/p>\n","protected":false},"author":2,"featured_media":0,"comment_status":"open","ping_status":"open","sticky":false,"template":"","format":"standard","meta":{"footnotes":"","_links_to":"","_links_to_target":""},"categories":[1],"tags":[],"class_list":["post-11119","post","type-post","status-publish","format-standard","hentry","category-geral"],"views":1046,"_links":{"self":[{"href":"https:\/\/www.sudoestehoje.com.br\/novoportal\/wp-json\/wp\/v2\/posts\/11119","targetHints":{"allow":["GET"]}}],"collection":[{"href":"https:\/\/www.sudoestehoje.com.br\/novoportal\/wp-json\/wp\/v2\/posts"}],"about":[{"href":"https:\/\/www.sudoestehoje.com.br\/novoportal\/wp-json\/wp\/v2\/types\/post"}],"author":[{"embeddable":true,"href":"https:\/\/www.sudoestehoje.com.br\/novoportal\/wp-json\/wp\/v2\/users\/2"}],"replies":[{"embeddable":true,"href":"https:\/\/www.sudoestehoje.com.br\/novoportal\/wp-json\/wp\/v2\/comments?post=11119"}],"version-history":[{"count":2,"href":"https:\/\/www.sudoestehoje.com.br\/novoportal\/wp-json\/wp\/v2\/posts\/11119\/revisions"}],"predecessor-version":[{"id":11121,"href":"https:\/\/www.sudoestehoje.com.br\/novoportal\/wp-json\/wp\/v2\/posts\/11119\/revisions\/11121"}],"wp:attachment":[{"href":"https:\/\/www.sudoestehoje.com.br\/novoportal\/wp-json\/wp\/v2\/media?parent=11119"}],"wp:term":[{"taxonomy":"category","embeddable":true,"href":"https:\/\/www.sudoestehoje.com.br\/novoportal\/wp-json\/wp\/v2\/categories?post=11119"},{"taxonomy":"post_tag","embeddable":true,"href":"https:\/\/www.sudoestehoje.com.br\/novoportal\/wp-json\/wp\/v2\/tags?post=11119"}],"curies":[{"name":"wp","href":"https:\/\/api.w.org\/{rel}","templated":true}]}}