
{"id":111169,"date":"2023-07-06T21:49:25","date_gmt":"2023-07-07T00:49:25","guid":{"rendered":"https:\/\/www.sudoestehoje.com.br\/novoportal\/?p=111169"},"modified":"2023-07-06T22:36:38","modified_gmt":"2023-07-07T01:36:38","slug":"maiquinique-festival-gastronomico-sera-realizado-de-14-a-16-de-julho","status":"publish","type":"post","link":"https:\/\/www.sudoestehoje.com.br\/novoportal\/2023\/07\/06\/maiquinique-festival-gastronomico-sera-realizado-de-14-a-16-de-julho\/","title":{"rendered":"MAIQUINIQUE | FESTIVAL GASTRON\u00d4MICO SER\u00c1 REALIZADO DE 14 A 16 DE JULHO"},"content":{"rendered":"<p><a href=\"https:\/\/www.sudoestehoje.com.br\/novoportal\/wp-content\/uploads\/2023\/07\/BANNER-VIRADA-550x100-2.gif\"><img loading=\"lazy\" decoding=\"async\" class=\"aligncenter size-full wp-image-111148\" src=\"https:\/\/www.sudoestehoje.com.br\/novoportal\/wp-content\/uploads\/2023\/07\/BANNER-VIRADA-550x100-2.gif\" alt=\"\" width=\"550\" height=\"100\" \/><\/a><\/p>\n<p><a href=\"https:\/\/www.sudoestehoje.com.br\/novoportal\/wp-content\/uploads\/2023\/07\/583fd6d6-ebc4-428f-bcf2-3e7481f60b03.jpg\"><img loading=\"lazy\" decoding=\"async\" class=\"aligncenter wp-image-111175\" src=\"https:\/\/www.sudoestehoje.com.br\/novoportal\/wp-content\/uploads\/2023\/07\/583fd6d6-ebc4-428f-bcf2-3e7481f60b03-600x601.jpg\" alt=\"\" width=\"551\" height=\"552\" srcset=\"https:\/\/www.sudoestehoje.com.br\/novoportal\/wp-content\/uploads\/2023\/07\/583fd6d6-ebc4-428f-bcf2-3e7481f60b03-600x601.jpg 600w, https:\/\/www.sudoestehoje.com.br\/novoportal\/wp-content\/uploads\/2023\/07\/583fd6d6-ebc4-428f-bcf2-3e7481f60b03-700x701.jpg 700w, https:\/\/www.sudoestehoje.com.br\/novoportal\/wp-content\/uploads\/2023\/07\/583fd6d6-ebc4-428f-bcf2-3e7481f60b03-150x150.jpg 150w, https:\/\/www.sudoestehoje.com.br\/novoportal\/wp-content\/uploads\/2023\/07\/583fd6d6-ebc4-428f-bcf2-3e7481f60b03-768x769.jpg 768w, https:\/\/www.sudoestehoje.com.br\/novoportal\/wp-content\/uploads\/2023\/07\/583fd6d6-ebc4-428f-bcf2-3e7481f60b03.jpg 1080w\" sizes=\"auto, (max-width: 551px) 100vw, 551px\" \/><\/a><\/p>\n<p><strong>A Secretaria de Turismo do Estado vai realizar pela primeira vez na regi\u00e3o o projeto Festival Gastron\u00f4mico na regi\u00e3o, onde ter\u00e1 a ROTA DA CARNE DO SOL E DA CACHA\u00c7A com diversos stands e muita culin\u00e1ria pra abrilhantar a nossa semana cultural e semana do anivers\u00e1rio da cidade!<\/strong><\/p>\n<p><strong>Est\u00e1 \u00e9 uma a\u00e7\u00e3o do Governo do Estado em Parceria com a Prefeitura de Maiquinique e Secretaria de Cultura, Esporte e Lazer.<\/strong><\/p>\n<p><strong>Muito mais not\u00edcias boas vem a\u00ed!!!&#x2705;<\/strong><\/p>\n","protected":false},"excerpt":{"rendered":"<p>A Secretaria de Turismo do Estado vai realizar pela primeira vez na regi\u00e3o o projeto Festival Gastron\u00f4mico na regi\u00e3o, onde ter\u00e1 a ROTA DA CARNE DO SOL E DA CACHA\u00c7A com diversos stands e muita culin\u00e1ria pra abrilhantar a nossa semana cultural e semana do anivers\u00e1rio da cidade! Est\u00e1 \u00e9 uma a\u00e7\u00e3o do Governo do [&hellip;]<\/p>\n","protected":false},"author":2,"featured_media":111175,"comment_status":"closed","ping_status":"open","sticky":false,"template":"","format":"standard","meta":{"footnotes":"","_links_to":"","_links_to_target":""},"categories":[1],"tags":[],"class_list":["post-111169","post","type-post","status-publish","format-standard","has-post-thumbnail","hentry","category-geral"],"views":729,"_links":{"self":[{"href":"https:\/\/www.sudoestehoje.com.br\/novoportal\/wp-json\/wp\/v2\/posts\/111169","targetHints":{"allow":["GET"]}}],"collection":[{"href":"https:\/\/www.sudoestehoje.com.br\/novoportal\/wp-json\/wp\/v2\/posts"}],"about":[{"href":"https:\/\/www.sudoestehoje.com.br\/novoportal\/wp-json\/wp\/v2\/types\/post"}],"author":[{"embeddable":true,"href":"https:\/\/www.sudoestehoje.com.br\/novoportal\/wp-json\/wp\/v2\/users\/2"}],"replies":[{"embeddable":true,"href":"https:\/\/www.sudoestehoje.com.br\/novoportal\/wp-json\/wp\/v2\/comments?post=111169"}],"version-history":[{"count":9,"href":"https:\/\/www.sudoestehoje.com.br\/novoportal\/wp-json\/wp\/v2\/posts\/111169\/revisions"}],"predecessor-version":[{"id":111179,"href":"https:\/\/www.sudoestehoje.com.br\/novoportal\/wp-json\/wp\/v2\/posts\/111169\/revisions\/111179"}],"wp:featuredmedia":[{"embeddable":true,"href":"https:\/\/www.sudoestehoje.com.br\/novoportal\/wp-json\/wp\/v2\/media\/111175"}],"wp:attachment":[{"href":"https:\/\/www.sudoestehoje.com.br\/novoportal\/wp-json\/wp\/v2\/media?parent=111169"}],"wp:term":[{"taxonomy":"category","embeddable":true,"href":"https:\/\/www.sudoestehoje.com.br\/novoportal\/wp-json\/wp\/v2\/categories?post=111169"},{"taxonomy":"post_tag","embeddable":true,"href":"https:\/\/www.sudoestehoje.com.br\/novoportal\/wp-json\/wp\/v2\/tags?post=111169"}],"curies":[{"name":"wp","href":"https:\/\/api.w.org\/{rel}","templated":true}]}}