
{"id":111138,"date":"2023-07-06T11:13:15","date_gmt":"2023-07-06T14:13:15","guid":{"rendered":"https:\/\/www.sudoestehoje.com.br\/novoportal\/?p=111138"},"modified":"2023-07-06T18:05:37","modified_gmt":"2023-07-06T21:05:37","slug":"oeste-luiz-eduardo-magalhaes-registra-2a-morte-por-soterramento-em-menos-de-3-dias","status":"publish","type":"post","link":"https:\/\/www.sudoestehoje.com.br\/novoportal\/2023\/07\/06\/oeste-luiz-eduardo-magalhaes-registra-2a-morte-por-soterramento-em-menos-de-3-dias\/","title":{"rendered":"OESTE | LUIZ EDUARDO MAGALH\u00c3ES REGISTRA 2\u00aa MORTE POR SOTERRAMENTO EM MENOS DE 3 DIAS"},"content":{"rendered":"<p><a href=\"https:\/\/www.sudoestehoje.com.br\/novoportal\/wp-content\/uploads\/2023\/07\/BANNER-VIRADA-550x100-2.gif\"><img loading=\"lazy\" decoding=\"async\" class=\"aligncenter size-full wp-image-111148\" src=\"https:\/\/www.sudoestehoje.com.br\/novoportal\/wp-content\/uploads\/2023\/07\/BANNER-VIRADA-550x100-2.gif\" alt=\"\" width=\"550\" height=\"100\" \/><\/a><\/p>\n<p><a href=\"https:\/\/www.sudoestehoje.com.br\/novoportal\/wp-content\/uploads\/2023\/07\/IMAGEM_NOTICIA_5.webp\"><img loading=\"lazy\" decoding=\"async\" class=\"aligncenter wp-image-111140\" src=\"https:\/\/www.sudoestehoje.com.br\/novoportal\/wp-content\/uploads\/2023\/07\/IMAGEM_NOTICIA_5.webp\" alt=\"\" width=\"550\" height=\"350\" \/><\/a><\/p>\n<p><strong>Um homem, de 25 anos, morreu soterrado quando trabalhava em uma fazenda, na zona rural do munic\u00edpio de Lu\u00eds Eduardo Magalh\u00e3es, no Extremo Oeste baiano. O fato ocorreu na tarde desta quarta-feira (5) e vitimou Guilherme do Nascimento Malheiros.<\/strong><\/p>\n<p><strong>Este \u00e9 o segundo caso de morte por\u00a0soterramento no munic\u00edpio e o terceiro na Bahia em menos de tr\u00eas dias. O oper\u00e1rio e mais seis homens trabalhavam na constru\u00e7\u00e3o de um silo para armazenagem da fazenda, que n\u00e3o teve o nome informado. O buraco tinha quase seis metros de profundidade.<\/strong><\/p>\n<p><strong>Para encontrar o oper\u00e1rio, os bombeiros precisaram de duas horas de trabalho. Ap\u00f3s a remo\u00e7\u00e3o da v\u00edtima, a equipe do Samu constatou o \u00f3bito. O corpo foi encaminhado ao Departamento de Pol\u00edcia T\u00e9cnica (DPT) de Barreiras, na mesma regi\u00e3o.<\/strong><\/p>\n","protected":false},"excerpt":{"rendered":"<p>Um homem, de 25 anos, morreu soterrado quando trabalhava em uma fazenda, na zona rural do munic\u00edpio de Lu\u00eds Eduardo Magalh\u00e3es, no Extremo Oeste baiano. O fato ocorreu na tarde desta quarta-feira (5) e vitimou Guilherme do Nascimento Malheiros. Este \u00e9 o segundo caso de morte por\u00a0soterramento no munic\u00edpio e o terceiro na Bahia em [&hellip;]<\/p>\n","protected":false},"author":2,"featured_media":111140,"comment_status":"closed","ping_status":"open","sticky":false,"template":"","format":"standard","meta":{"footnotes":"","_links_to":"","_links_to_target":""},"categories":[1],"tags":[],"class_list":["post-111138","post","type-post","status-publish","format-standard","has-post-thumbnail","hentry","category-geral"],"views":1221,"_links":{"self":[{"href":"https:\/\/www.sudoestehoje.com.br\/novoportal\/wp-json\/wp\/v2\/posts\/111138","targetHints":{"allow":["GET"]}}],"collection":[{"href":"https:\/\/www.sudoestehoje.com.br\/novoportal\/wp-json\/wp\/v2\/posts"}],"about":[{"href":"https:\/\/www.sudoestehoje.com.br\/novoportal\/wp-json\/wp\/v2\/types\/post"}],"author":[{"embeddable":true,"href":"https:\/\/www.sudoestehoje.com.br\/novoportal\/wp-json\/wp\/v2\/users\/2"}],"replies":[{"embeddable":true,"href":"https:\/\/www.sudoestehoje.com.br\/novoportal\/wp-json\/wp\/v2\/comments?post=111138"}],"version-history":[{"count":3,"href":"https:\/\/www.sudoestehoje.com.br\/novoportal\/wp-json\/wp\/v2\/posts\/111138\/revisions"}],"predecessor-version":[{"id":111149,"href":"https:\/\/www.sudoestehoje.com.br\/novoportal\/wp-json\/wp\/v2\/posts\/111138\/revisions\/111149"}],"wp:featuredmedia":[{"embeddable":true,"href":"https:\/\/www.sudoestehoje.com.br\/novoportal\/wp-json\/wp\/v2\/media\/111140"}],"wp:attachment":[{"href":"https:\/\/www.sudoestehoje.com.br\/novoportal\/wp-json\/wp\/v2\/media?parent=111138"}],"wp:term":[{"taxonomy":"category","embeddable":true,"href":"https:\/\/www.sudoestehoje.com.br\/novoportal\/wp-json\/wp\/v2\/categories?post=111138"},{"taxonomy":"post_tag","embeddable":true,"href":"https:\/\/www.sudoestehoje.com.br\/novoportal\/wp-json\/wp\/v2\/tags?post=111138"}],"curies":[{"name":"wp","href":"https:\/\/api.w.org\/{rel}","templated":true}]}}