
{"id":111127,"date":"2023-07-05T18:21:52","date_gmt":"2023-07-05T21:21:52","guid":{"rendered":"https:\/\/www.sudoestehoje.com.br\/novoportal\/?p=111127"},"modified":"2023-07-06T18:06:18","modified_gmt":"2023-07-06T21:06:18","slug":"oportunidade-ibge-abre-inscricoes-para-processo-seletivo-com-443-para-a-bahia","status":"publish","type":"post","link":"https:\/\/www.sudoestehoje.com.br\/novoportal\/2023\/07\/05\/oportunidade-ibge-abre-inscricoes-para-processo-seletivo-com-443-para-a-bahia\/","title":{"rendered":"OPORTUNIDADE | IBGE ABRE INSCRI\u00c7\u00d5ES PARA PROCESSO SELETIVO COM 443 PARA A BAHIA"},"content":{"rendered":"<p><a href=\"https:\/\/www.sudoestehoje.com.br\/novoportal\/wp-content\/uploads\/2023\/07\/BANNER-VIRADA-550x100-2.gif\"><img loading=\"lazy\" decoding=\"async\" class=\"aligncenter size-full wp-image-111148\" src=\"https:\/\/www.sudoestehoje.com.br\/novoportal\/wp-content\/uploads\/2023\/07\/BANNER-VIRADA-550x100-2.gif\" alt=\"\" width=\"550\" height=\"100\" \/><\/a><\/p>\n<p><a href=\"https:\/\/www.sudoestehoje.com.br\/novoportal\/wp-content\/uploads\/2023\/07\/42-.jpeg\"><img loading=\"lazy\" decoding=\"async\" class=\"aligncenter wp-image-111130\" src=\"https:\/\/www.sudoestehoje.com.br\/novoportal\/wp-content\/uploads\/2023\/07\/42-.jpeg\" alt=\"\" width=\"551\" height=\"367\" \/><\/a><\/p>\n<p><strong>O Instituto Brasileiro de Geografia e Estat\u00edstica (IBGE) abriu, nesta ter\u00e7a-feira (4), inscri\u00e7\u00f5es em dois processos seletivos para Agente de Pesquisas e Mapeamento (APM) e Supervisor de Coleta e Qualidade nos 26 estados e no Distrito Federal. Na Bahia, s\u00e3o 51 vagas para o cargo de supervisor de coleta e 392 para agente de pesquisa.<\/strong><\/p>\n<p><strong>Em todo o pa\u00eds, s\u00e3o 7.548 vagas, sendo 6.742 para APM, que exige o n\u00edvel m\u00e9dio completo, e 806 para SCQ, que, al\u00e9m do ensino m\u00e9dio completo, requer Carteira Nacional de Habilita\u00e7\u00e3o (CNH) no m\u00ednimo categoria B. H\u00e1 reserva de vagas para pessoas pretas e pardas e pessoas com defici\u00eancia.<\/strong><\/p>\n<p><strong>As inscri\u00e7\u00f5es ser\u00e3o pela internet e estar\u00e3o abertas at\u00e9 \u00e0s 23h do dia 19 de julho.\u00a0<span style=\"color: #0000ff;\"><a style=\"color: #0000ff;\" href=\"https:\/\/concursos.ibfc.org.br\/\">Acesse aqui\u00a0 o link para as inscri\u00e7\u00f5es no site do Instituto Brasileiro de Forma\u00e7\u00e3o e Capacita\u00e7\u00e3o (IBFC)<\/a>,<\/span> empresa organizadora da sele\u00e7\u00e3o. A taxa de inscri\u00e7\u00e3o \u00e9 de R$ 42,20 para ambos as fun\u00e7\u00f5es.<\/strong><\/p>\n<p><strong>SAL\u00c1RIO<\/strong><\/p>\n<div class=\"g g-4\">\n<div class=\"g-single a-17\">\n<p><strong>A remunera\u00e7\u00e3o \u00e9 de R$ 1.387,50 para APM e R$ 3.100,00 para SCQ, al\u00e9m de benef\u00edcios como aux\u00edlio-alimenta\u00e7\u00e3o (de R$ 658,00), aux\u00edlio-transporte e aux\u00edlio pr\u00e9-escolar. Nos dois casos, a previs\u00e3o de dura\u00e7\u00e3o do contrato \u00e9 de at\u00e9 um ano, podendo ser prorrogado por mais dois anos. A jornada de trabalho ser\u00e1 de 40 horas semanais, sendo 8 horas di\u00e1rias para ambos as fun\u00e7\u00f5es.<\/strong><\/p>\n<\/div>\n<\/div>\n<p><strong>As sele\u00e7\u00f5es ter\u00e3o prova objetiva, de car\u00e1ter eliminat\u00f3rio e classificat\u00f3rio, que ser\u00e1 realizada dia 17 de setembro, com dura\u00e7\u00e3o de 3h30min. O resultado final dos processos seletivos est\u00e1 previsto para 23 de outubro.<\/strong><\/p>\n<p><strong>Para SCQ, o conte\u00fado program\u00e1tico abrange L\u00edngua Portuguesa, Matem\u00e1tica e Racioc\u00ednio L\u00f3gico, \u00c9tica no Servi\u00e7o P\u00fablico, No\u00e7\u00f5es de Inform\u00e1tica, No\u00e7\u00f5es de Administra\u00e7\u00e3o e Situa\u00e7\u00f5es Gerenciais e Geografia. J\u00e1 para APM, as quest\u00f5es ser\u00e3o de L\u00edngua Portuguesa, Matem\u00e1tica e Racioc\u00ednio L\u00f3gico, \u00c9tica no Servi\u00e7o P\u00fablico e Geografia.<\/strong><\/p>\n","protected":false},"excerpt":{"rendered":"<p>O Instituto Brasileiro de Geografia e Estat\u00edstica (IBGE) abriu, nesta ter\u00e7a-feira (4), inscri\u00e7\u00f5es em dois processos seletivos para Agente de Pesquisas e Mapeamento (APM) e Supervisor de Coleta e Qualidade nos 26 estados e no Distrito Federal. Na Bahia, s\u00e3o 51 vagas para o cargo de supervisor de coleta e 392 para agente de pesquisa. [&hellip;]<\/p>\n","protected":false},"author":2,"featured_media":111130,"comment_status":"closed","ping_status":"open","sticky":false,"template":"","format":"standard","meta":{"footnotes":"","_links_to":"","_links_to_target":""},"categories":[1],"tags":[],"class_list":["post-111127","post","type-post","status-publish","format-standard","has-post-thumbnail","hentry","category-geral"],"views":1044,"_links":{"self":[{"href":"https:\/\/www.sudoestehoje.com.br\/novoportal\/wp-json\/wp\/v2\/posts\/111127","targetHints":{"allow":["GET"]}}],"collection":[{"href":"https:\/\/www.sudoestehoje.com.br\/novoportal\/wp-json\/wp\/v2\/posts"}],"about":[{"href":"https:\/\/www.sudoestehoje.com.br\/novoportal\/wp-json\/wp\/v2\/types\/post"}],"author":[{"embeddable":true,"href":"https:\/\/www.sudoestehoje.com.br\/novoportal\/wp-json\/wp\/v2\/users\/2"}],"replies":[{"embeddable":true,"href":"https:\/\/www.sudoestehoje.com.br\/novoportal\/wp-json\/wp\/v2\/comments?post=111127"}],"version-history":[{"count":5,"href":"https:\/\/www.sudoestehoje.com.br\/novoportal\/wp-json\/wp\/v2\/posts\/111127\/revisions"}],"predecessor-version":[{"id":111150,"href":"https:\/\/www.sudoestehoje.com.br\/novoportal\/wp-json\/wp\/v2\/posts\/111127\/revisions\/111150"}],"wp:featuredmedia":[{"embeddable":true,"href":"https:\/\/www.sudoestehoje.com.br\/novoportal\/wp-json\/wp\/v2\/media\/111130"}],"wp:attachment":[{"href":"https:\/\/www.sudoestehoje.com.br\/novoportal\/wp-json\/wp\/v2\/media?parent=111127"}],"wp:term":[{"taxonomy":"category","embeddable":true,"href":"https:\/\/www.sudoestehoje.com.br\/novoportal\/wp-json\/wp\/v2\/categories?post=111127"},{"taxonomy":"post_tag","embeddable":true,"href":"https:\/\/www.sudoestehoje.com.br\/novoportal\/wp-json\/wp\/v2\/tags?post=111127"}],"curies":[{"name":"wp","href":"https:\/\/api.w.org\/{rel}","templated":true}]}}