
{"id":111104,"date":"2023-07-05T09:28:18","date_gmt":"2023-07-05T12:28:18","guid":{"rendered":"https:\/\/www.sudoestehoje.com.br\/novoportal\/?p=111104"},"modified":"2023-07-06T18:58:51","modified_gmt":"2023-07-06T21:58:51","slug":"conquista-ladeira-do-marcal-e-interditada-pela-policia-rodoviaria","status":"publish","type":"post","link":"https:\/\/www.sudoestehoje.com.br\/novoportal\/2023\/07\/05\/conquista-ladeira-do-marcal-e-interditada-pela-policia-rodoviaria\/","title":{"rendered":"CONQUISTA | LADEIRA DO MAR\u00c7AL \u00c9 INTERDITADA PELA POL\u00cdCIA RODOVI\u00c1RIA"},"content":{"rendered":"<p><a href=\"https:\/\/www.sudoestehoje.com.br\/novoportal\/wp-content\/uploads\/2023\/07\/BANNER-VIRADA-550x100-2.gif\"><img loading=\"lazy\" decoding=\"async\" class=\"aligncenter size-full wp-image-111148\" src=\"https:\/\/www.sudoestehoje.com.br\/novoportal\/wp-content\/uploads\/2023\/07\/BANNER-VIRADA-550x100-2.gif\" alt=\"\" width=\"550\" height=\"100\" \/><\/a><\/p>\n<p><a href=\"https:\/\/www.sudoestehoje.com.br\/novoportal\/wp-content\/uploads\/2023\/07\/serra-do-marcal-interditada-carretas.jpg\"><img loading=\"lazy\" decoding=\"async\" class=\"aligncenter size-full wp-image-111105\" src=\"https:\/\/www.sudoestehoje.com.br\/novoportal\/wp-content\/uploads\/2023\/07\/serra-do-marcal-interditada-carretas.jpg\" alt=\"\" width=\"550\" height=\"330\" \/><\/a><\/p>\n<p><strong>O trecho da BA-263, conhecido como &#8220;Serra do Mar\u00e7al&#8221;, no munic\u00edpio de Vit\u00f3ria da Conquista, foi interditado pela Pol\u00edcia Rodovi\u00e1ria Estadual, na manh\u00e3 desta quarta-feira (5), em decorr\u00eancia da quebra de duas carretas na via. As informa\u00e7\u00f5es s\u00e3o do Blog do Rodrigo Ferraz.\u00a0As duas carretas quebraram praticamente no mesmo ponto.<\/strong><\/p>\n<p><strong>A Pol\u00edcia Rodovi\u00e1ria Estadual divulgou nota afirmando: &#8220;A interdi\u00e7\u00e3o da Serra do Mar\u00e7al \u00e9 uma medida de seguran\u00e7a adotada pelas autoridades competentes, visando evitar acidentes e garantir a integridade dos usu\u00e1rios da via. A remo\u00e7\u00e3o das carretas e a realiza\u00e7\u00e3o dos reparos necess\u00e1rios est\u00e3o sendo providenciados para que a estrada possa ser liberada o mais breve poss\u00edvel.<\/strong><\/p>\n<p><strong>Enquanto a situa\u00e7\u00e3o estiver em andamento, \u00e9 importante que os motoristas busquem rotas alternativas e sigam as orienta\u00e7\u00f5es dos \u00f3rg\u00e3os de tr\u00e2nsito para evitar congestionamentos e garantir a fluidez do tr\u00e1fego.<\/strong><\/p>\n<p><strong>A interdi\u00e7\u00e3o tempor\u00e1ria da Serra do Mar\u00e7al \u00e9 um lembrete da import\u00e2ncia da manuten\u00e7\u00e3o adequada dos ve\u00edculos e da aten\u00e7\u00e3o dos condutores ao trafegar em estradas sinuosas e \u00edngremes. A prud\u00eancia e o respeito \u00e0s leis de tr\u00e2nsito s\u00e3o fundamentais para a seguran\u00e7a de todos.<\/strong><\/p>\n<p><strong>Acompanhe as informa\u00e7\u00f5es atualizadas sobre a situa\u00e7\u00e3o da Serra do Mar\u00e7al por meio dos canais oficiais de comunica\u00e7\u00e3o das autoridades de tr\u00e2nsito e esteja atento \u00e0s orienta\u00e7\u00f5es para evitar poss\u00edveis contratempos em sua viagem&#8221;.<\/strong><\/p>\n","protected":false},"excerpt":{"rendered":"<p>O trecho da BA-263, conhecido como &#8220;Serra do Mar\u00e7al&#8221;, no munic\u00edpio de Vit\u00f3ria da Conquista, foi interditado pela Pol\u00edcia Rodovi\u00e1ria Estadual, na manh\u00e3 desta quarta-feira (5), em decorr\u00eancia da quebra de duas carretas na via. As informa\u00e7\u00f5es s\u00e3o do Blog do Rodrigo Ferraz.\u00a0As duas carretas quebraram praticamente no mesmo ponto. A Pol\u00edcia Rodovi\u00e1ria Estadual divulgou [&hellip;]<\/p>\n","protected":false},"author":2,"featured_media":111105,"comment_status":"closed","ping_status":"open","sticky":false,"template":"","format":"standard","meta":{"footnotes":"","_links_to":"","_links_to_target":""},"categories":[1],"tags":[],"class_list":["post-111104","post","type-post","status-publish","format-standard","has-post-thumbnail","hentry","category-geral"],"views":1375,"_links":{"self":[{"href":"https:\/\/www.sudoestehoje.com.br\/novoportal\/wp-json\/wp\/v2\/posts\/111104","targetHints":{"allow":["GET"]}}],"collection":[{"href":"https:\/\/www.sudoestehoje.com.br\/novoportal\/wp-json\/wp\/v2\/posts"}],"about":[{"href":"https:\/\/www.sudoestehoje.com.br\/novoportal\/wp-json\/wp\/v2\/types\/post"}],"author":[{"embeddable":true,"href":"https:\/\/www.sudoestehoje.com.br\/novoportal\/wp-json\/wp\/v2\/users\/2"}],"replies":[{"embeddable":true,"href":"https:\/\/www.sudoestehoje.com.br\/novoportal\/wp-json\/wp\/v2\/comments?post=111104"}],"version-history":[{"count":2,"href":"https:\/\/www.sudoestehoje.com.br\/novoportal\/wp-json\/wp\/v2\/posts\/111104\/revisions"}],"predecessor-version":[{"id":111154,"href":"https:\/\/www.sudoestehoje.com.br\/novoportal\/wp-json\/wp\/v2\/posts\/111104\/revisions\/111154"}],"wp:featuredmedia":[{"embeddable":true,"href":"https:\/\/www.sudoestehoje.com.br\/novoportal\/wp-json\/wp\/v2\/media\/111105"}],"wp:attachment":[{"href":"https:\/\/www.sudoestehoje.com.br\/novoportal\/wp-json\/wp\/v2\/media?parent=111104"}],"wp:term":[{"taxonomy":"category","embeddable":true,"href":"https:\/\/www.sudoestehoje.com.br\/novoportal\/wp-json\/wp\/v2\/categories?post=111104"},{"taxonomy":"post_tag","embeddable":true,"href":"https:\/\/www.sudoestehoje.com.br\/novoportal\/wp-json\/wp\/v2\/tags?post=111104"}],"curies":[{"name":"wp","href":"https:\/\/api.w.org\/{rel}","templated":true}]}}