
{"id":111084,"date":"2023-07-03T17:24:32","date_gmt":"2023-07-03T20:24:32","guid":{"rendered":"https:\/\/www.sudoestehoje.com.br\/novoportal\/?p=111084"},"modified":"2023-07-03T17:24:32","modified_gmt":"2023-07-03T20:24:32","slug":"regiao-ceasa-de-conquista-e-reaberta-apos-interdicao-por-falta-de-higiene-pelo-mp","status":"publish","type":"post","link":"https:\/\/www.sudoestehoje.com.br\/novoportal\/2023\/07\/03\/regiao-ceasa-de-conquista-e-reaberta-apos-interdicao-por-falta-de-higiene-pelo-mp\/","title":{"rendered":"REGI\u00c3O | CEASA DE CONQUISTA \u00c9 REABERTA AP\u00d3S INTERDI\u00c7\u00c3O POR FALTA DE HIGIENE PELO MP"},"content":{"rendered":"<div id=\"chunk-bdnij\">\n<div class=\"mc-column content-text active-extra-styles \" data-block-type=\"unstyled\" data-block-weight=\"38\" data-block-id=\"3\">\n<p data-track-category=\"Link no Texto\" data-track-links=\"\"><a href=\"https:\/\/www.sudoestehoje.com.br\/novoportal\/wp-content\/uploads\/2023\/07\/70_big.jpg\"><img loading=\"lazy\" decoding=\"async\" class=\"aligncenter  wp-image-111086\" src=\"https:\/\/www.sudoestehoje.com.br\/novoportal\/wp-content\/uploads\/2023\/07\/70_big-600x401.jpg\" alt=\"\" width=\"551\" height=\"368\" srcset=\"https:\/\/www.sudoestehoje.com.br\/novoportal\/wp-content\/uploads\/2023\/07\/70_big-600x401.jpg 600w, https:\/\/www.sudoestehoje.com.br\/novoportal\/wp-content\/uploads\/2023\/07\/70_big.jpg 700w\" sizes=\"auto, (max-width: 551px) 100vw, 551px\" \/><\/a><\/p>\n<p class=\"content-text__container \" data-track-category=\"Link no Texto\" data-track-links=\"\"><strong>O Centro de Abastecimento de\u00a0Vit\u00f3ria da Conquista, no sudoeste da Bahia, voltou a funcionar nesta segunda-feira (3) ap\u00f3s o\u00a0local ser interditado\u00a0pela prefeitura na sexta-feira (30). Os comerciantes protestaram contra o fechamento no s\u00e1bado (1\u00b0).<\/strong><\/p>\n<\/div>\n<\/div>\n<div class=\"wall protected-content\">\n<div id=\"chunk-7pc08\">\n<div class=\"mc-column content-text active-extra-styles \" data-block-type=\"unstyled\" data-block-weight=\"61\" data-block-id=\"4\">\n<p class=\"content-text__container \" data-track-category=\"Link no Texto\" data-track-links=\"\"><strong>A interdi\u00e7\u00e3o ocorreu por falta de licen\u00e7a de higiene e risco de inc\u00eandio. No entanto, n\u00e3o h\u00e1 detalhes de quais acordos foram firmados para que o funcionamento do espa\u00e7o fosse retomado. A produ\u00e7\u00e3o da TV Sudoeste, afiliada da TV Bahia na regi\u00e3o, tentou contato com a Associa\u00e7\u00e3o dos Comerciantes Atacadistas de Hortifrutigranjeiros (Acatase) sobre a nova decis\u00e3o, mas n\u00e3o obteve resposta.<\/strong><\/p>\n<\/div>\n<\/div>\n<div id=\"chunk-87qih\">\n<div class=\"mc-column content-text active-extra-styles \" data-block-type=\"unstyled\" data-block-weight=\"43\" data-block-id=\"5\">\n<p class=\"content-text__container \" data-track-category=\"Link no Texto\" data-track-links=\"\"><strong>Antes da libera\u00e7\u00e3o do funcionamento do Centro de Abastecimento, Nailton Jardim, tesoureiro da Acatase, j\u00e1 havia adiantado que em uma reuni\u00e3o realizada com a prefeitura de Vit\u00f3ria da Conquista, foram realizados acordos de parcerias para que as modifica\u00e7\u00f5es sejam feitas no local.<\/strong><\/p>\n<\/div>\n<\/div>\n<\/div>\n","protected":false},"excerpt":{"rendered":"<p>O Centro de Abastecimento de\u00a0Vit\u00f3ria da Conquista, no sudoeste da Bahia, voltou a funcionar nesta segunda-feira (3) ap\u00f3s o\u00a0local ser interditado\u00a0pela prefeitura na sexta-feira (30). Os comerciantes protestaram contra o fechamento no s\u00e1bado (1\u00b0). A interdi\u00e7\u00e3o ocorreu por falta de licen\u00e7a de higiene e risco de inc\u00eandio. No entanto, n\u00e3o h\u00e1 detalhes de quais acordos [&hellip;]<\/p>\n","protected":false},"author":2,"featured_media":111086,"comment_status":"closed","ping_status":"open","sticky":false,"template":"","format":"standard","meta":{"footnotes":"","_links_to":"","_links_to_target":""},"categories":[1],"tags":[],"class_list":["post-111084","post","type-post","status-publish","format-standard","has-post-thumbnail","hentry","category-geral"],"views":654,"_links":{"self":[{"href":"https:\/\/www.sudoestehoje.com.br\/novoportal\/wp-json\/wp\/v2\/posts\/111084","targetHints":{"allow":["GET"]}}],"collection":[{"href":"https:\/\/www.sudoestehoje.com.br\/novoportal\/wp-json\/wp\/v2\/posts"}],"about":[{"href":"https:\/\/www.sudoestehoje.com.br\/novoportal\/wp-json\/wp\/v2\/types\/post"}],"author":[{"embeddable":true,"href":"https:\/\/www.sudoestehoje.com.br\/novoportal\/wp-json\/wp\/v2\/users\/2"}],"replies":[{"embeddable":true,"href":"https:\/\/www.sudoestehoje.com.br\/novoportal\/wp-json\/wp\/v2\/comments?post=111084"}],"version-history":[{"count":2,"href":"https:\/\/www.sudoestehoje.com.br\/novoportal\/wp-json\/wp\/v2\/posts\/111084\/revisions"}],"predecessor-version":[{"id":111087,"href":"https:\/\/www.sudoestehoje.com.br\/novoportal\/wp-json\/wp\/v2\/posts\/111084\/revisions\/111087"}],"wp:featuredmedia":[{"embeddable":true,"href":"https:\/\/www.sudoestehoje.com.br\/novoportal\/wp-json\/wp\/v2\/media\/111086"}],"wp:attachment":[{"href":"https:\/\/www.sudoestehoje.com.br\/novoportal\/wp-json\/wp\/v2\/media?parent=111084"}],"wp:term":[{"taxonomy":"category","embeddable":true,"href":"https:\/\/www.sudoestehoje.com.br\/novoportal\/wp-json\/wp\/v2\/categories?post=111084"},{"taxonomy":"post_tag","embeddable":true,"href":"https:\/\/www.sudoestehoje.com.br\/novoportal\/wp-json\/wp\/v2\/tags?post=111084"}],"curies":[{"name":"wp","href":"https:\/\/api.w.org\/{rel}","templated":true}]}}