
{"id":111080,"date":"2023-07-03T17:08:04","date_gmt":"2023-07-03T20:08:04","guid":{"rendered":"https:\/\/www.sudoestehoje.com.br\/novoportal\/?p=111080"},"modified":"2023-07-03T17:08:04","modified_gmt":"2023-07-03T20:08:04","slug":"itapetinga-ladi-recebe-visita-de-fabio-viana-secretario-de-educacao","status":"publish","type":"post","link":"https:\/\/www.sudoestehoje.com.br\/novoportal\/2023\/07\/03\/itapetinga-ladi-recebe-visita-de-fabio-viana-secretario-de-educacao\/","title":{"rendered":"ITAPETINGA | LADI RECEBE VISITA DE F\u00c1BIO VIANA, SECRET\u00c1RIO DE EDUCA\u00c7\u00c3O"},"content":{"rendered":"<p><a href=\"https:\/\/www.sudoestehoje.com.br\/novoportal\/wp-content\/uploads\/2023\/07\/LADI.jpg\"><img loading=\"lazy\" decoding=\"async\" class=\"aligncenter  wp-image-111081\" src=\"https:\/\/www.sudoestehoje.com.br\/novoportal\/wp-content\/uploads\/2023\/07\/LADI-600x359.jpg\" alt=\"\" width=\"550\" height=\"329\" srcset=\"https:\/\/www.sudoestehoje.com.br\/novoportal\/wp-content\/uploads\/2023\/07\/LADI-600x359.jpg 600w, https:\/\/www.sudoestehoje.com.br\/novoportal\/wp-content\/uploads\/2023\/07\/LADI-700x419.jpg 700w, https:\/\/www.sudoestehoje.com.br\/novoportal\/wp-content\/uploads\/2023\/07\/LADI-768x459.jpg 768w, https:\/\/www.sudoestehoje.com.br\/novoportal\/wp-content\/uploads\/2023\/07\/LADI.jpg 1226w\" sizes=\"auto, (max-width: 550px) 100vw, 550px\" \/><\/a><\/p>\n<p><strong>O secret\u00e1rio de Educa\u00e7\u00e3o, F\u00e1bio Viana visitou, nesta segunda-feira (3), a sede da Liga Amadorista do Desportos de Itapetinga &#8211; LADI. Na oportunidade, ele foi recepcionado pelo presidente da entidade, Cloves Silva e equipe de apoio da Sele\u00e7\u00e3o de Itapetinga.<\/strong><\/p>\n<p><strong>Entusiasta do futebol itapetinguense, F\u00e1bio Viana \u00e9 irm\u00e3o do saudoso Flav\u00e3o do T\u00e1xi, homenageado pela LADI neste ano com o nome do Campeonato Municipal de Futebol.<\/strong><\/p>\n<p><strong>O titular da pasta da Educa\u00e7\u00e3o aproveitou a ida na Liga para desejar \u00eaxito ao escrete tricolor que representar\u00e1 o munic\u00edpio no Campeonato Baiano de Futebol Intermunicipal, previsto para come\u00e7ar no final do m\u00eas. \/\/ <em>Ascom LADI<\/em><\/strong><\/p>\n","protected":false},"excerpt":{"rendered":"<p>O secret\u00e1rio de Educa\u00e7\u00e3o, F\u00e1bio Viana visitou, nesta segunda-feira (3), a sede da Liga Amadorista do Desportos de Itapetinga &#8211; LADI. Na oportunidade, ele foi recepcionado pelo presidente da entidade, Cloves Silva e equipe de apoio da Sele\u00e7\u00e3o de Itapetinga. Entusiasta do futebol itapetinguense, F\u00e1bio Viana \u00e9 irm\u00e3o do saudoso Flav\u00e3o do T\u00e1xi, homenageado pela [&hellip;]<\/p>\n","protected":false},"author":2,"featured_media":111081,"comment_status":"closed","ping_status":"open","sticky":false,"template":"","format":"standard","meta":{"footnotes":"","_links_to":"","_links_to_target":""},"categories":[1],"tags":[],"class_list":["post-111080","post","type-post","status-publish","format-standard","has-post-thumbnail","hentry","category-geral"],"views":735,"_links":{"self":[{"href":"https:\/\/www.sudoestehoje.com.br\/novoportal\/wp-json\/wp\/v2\/posts\/111080","targetHints":{"allow":["GET"]}}],"collection":[{"href":"https:\/\/www.sudoestehoje.com.br\/novoportal\/wp-json\/wp\/v2\/posts"}],"about":[{"href":"https:\/\/www.sudoestehoje.com.br\/novoportal\/wp-json\/wp\/v2\/types\/post"}],"author":[{"embeddable":true,"href":"https:\/\/www.sudoestehoje.com.br\/novoportal\/wp-json\/wp\/v2\/users\/2"}],"replies":[{"embeddable":true,"href":"https:\/\/www.sudoestehoje.com.br\/novoportal\/wp-json\/wp\/v2\/comments?post=111080"}],"version-history":[{"count":2,"href":"https:\/\/www.sudoestehoje.com.br\/novoportal\/wp-json\/wp\/v2\/posts\/111080\/revisions"}],"predecessor-version":[{"id":111083,"href":"https:\/\/www.sudoestehoje.com.br\/novoportal\/wp-json\/wp\/v2\/posts\/111080\/revisions\/111083"}],"wp:featuredmedia":[{"embeddable":true,"href":"https:\/\/www.sudoestehoje.com.br\/novoportal\/wp-json\/wp\/v2\/media\/111081"}],"wp:attachment":[{"href":"https:\/\/www.sudoestehoje.com.br\/novoportal\/wp-json\/wp\/v2\/media?parent=111080"}],"wp:term":[{"taxonomy":"category","embeddable":true,"href":"https:\/\/www.sudoestehoje.com.br\/novoportal\/wp-json\/wp\/v2\/categories?post=111080"},{"taxonomy":"post_tag","embeddable":true,"href":"https:\/\/www.sudoestehoje.com.br\/novoportal\/wp-json\/wp\/v2\/tags?post=111080"}],"curies":[{"name":"wp","href":"https:\/\/api.w.org\/{rel}","templated":true}]}}