
{"id":111065,"date":"2023-07-03T09:03:14","date_gmt":"2023-07-03T12:03:14","guid":{"rendered":"https:\/\/www.sudoestehoje.com.br\/novoportal\/?p=111065"},"modified":"2023-07-03T09:24:09","modified_gmt":"2023-07-03T12:24:09","slug":"mandato-atuacao-da-vereadora-manu-brandao-nos-bairros-agrada-populacao","status":"publish","type":"post","link":"https:\/\/www.sudoestehoje.com.br\/novoportal\/2023\/07\/03\/mandato-atuacao-da-vereadora-manu-brandao-nos-bairros-agrada-populacao\/","title":{"rendered":"MANDATO | ATUA\u00c7\u00c3O DA VEREADORA MANU BRAND\u00c3O NOS BAIRROS AGRADA POPULA\u00c7\u00c3O"},"content":{"rendered":"<p><a href=\"https:\/\/www.sudoestehoje.com.br\/novoportal\/wp-content\/uploads\/2023\/07\/WhatsApp-Image-2023-06-30-at-16.27.10.jpeg\"><img loading=\"lazy\" decoding=\"async\" class=\"aligncenter wp-image-111074\" src=\"https:\/\/www.sudoestehoje.com.br\/novoportal\/wp-content\/uploads\/2023\/07\/WhatsApp-Image-2023-06-30-at-16.27.10-600x450.jpeg\" alt=\"\" width=\"549\" height=\"412\" srcset=\"https:\/\/www.sudoestehoje.com.br\/novoportal\/wp-content\/uploads\/2023\/07\/WhatsApp-Image-2023-06-30-at-16.27.10-600x450.jpeg 600w, https:\/\/www.sudoestehoje.com.br\/novoportal\/wp-content\/uploads\/2023\/07\/WhatsApp-Image-2023-06-30-at-16.27.10-700x525.jpeg 700w, https:\/\/www.sudoestehoje.com.br\/novoportal\/wp-content\/uploads\/2023\/07\/WhatsApp-Image-2023-06-30-at-16.27.10-768x576.jpeg 768w, https:\/\/www.sudoestehoje.com.br\/novoportal\/wp-content\/uploads\/2023\/07\/WhatsApp-Image-2023-06-30-at-16.27.10.jpeg 1024w\" sizes=\"auto, (max-width: 549px) 100vw, 549px\" \/><\/a><\/p>\n<p><strong>Atuante e participativa, a vereadora Manu Brand\u00e3o (MDB) vem se destacando no decorrer do seu mandato, pela aten\u00e7\u00e3o \u00e0s pessoas mais humildes dos bairros populares de Itapetinga, o que chama \u00e0 aten\u00e7\u00e3o e agrada a popula\u00e7\u00e3o.<\/strong><\/p>\n<p><strong>Frequentemente, Manu Brand\u00e3o vem visitando moradores do bairros mais distantes, diretamente nas suas resid\u00eancias, para ouvir as demandas dos moradores, nos \u00e2mbitos da sa\u00fade, assist\u00eancia social e infraestrutura, encaminhado esses pedidos \u00e0s respectivas secretarias e \u00f3rg\u00e3os da prefeitura, para solu\u00e7\u00e3o.<\/strong><\/p>\n<p><strong>Al\u00e9m disso, a vereadora acompanha de perto todas essas demandas, cobrando a resolu\u00e7\u00e3o r\u00e1pida das demandas dos moradores, incessantemente, junto \u00e0s autoridades locais.\u00a0<\/strong><\/p>\n<p><strong>No contexto pol\u00edtico eleitoral, a atua\u00e7\u00e3o da vereadora vem sendo observada &#8216;com bons olhos&#8217;, e h\u00e1 quem afirme que ela poder\u00e1 al\u00e7ar voos mais alto, j\u00e1 nas pr\u00f3ximas elei\u00e7\u00f5es municipais de 2024.<\/strong><\/p>\n<p><strong>Uma verdadeira &#8220;formiguinha&#8221;&#8230;\u00a0<\/strong><\/p>\n\n\t\t<style type=\"text\/css\">\n\t\t\t#gallery-1 {\n\t\t\t\tmargin: auto;\n\t\t\t}\n\t\t\t#gallery-1 .gallery-item {\n\t\t\t\tfloat: left;\n\t\t\t\tmargin-top: 10px;\n\t\t\t\ttext-align: center;\n\t\t\t\twidth: 33%;\n\t\t\t}\n\t\t\t#gallery-1 img {\n\t\t\t\tborder: 2px solid #cfcfcf;\n\t\t\t}\n\t\t\t#gallery-1 .gallery-caption {\n\t\t\t\tmargin-left: 0;\n\t\t\t}\n\t\t\t\/* see gallery_shortcode() in wp-includes\/media.php *\/\n\t\t<\/style>\n\t\t<div id='gallery-1' class='gallery galleryid-111065 gallery-columns-3 gallery-size-thumbnail'><dl class='gallery-item'>\n\t\t\t<dt class='gallery-icon portrait'>\n\t\t\t\t<a href='https:\/\/www.sudoestehoje.com.br\/novoportal\/2023\/07\/03\/mandato-atuacao-da-vereadora-manu-brandao-nos-bairros-agrada-populacao\/whatsapp-image-2023-06-30-at-11-34-45\/'><img loading=\"lazy\" decoding=\"async\" width=\"150\" height=\"150\" src=\"https:\/\/www.sudoestehoje.com.br\/novoportal\/wp-content\/uploads\/2023\/07\/WhatsApp-Image-2023-06-30-at-11.34.45-150x150.jpeg\" class=\"attachment-thumbnail size-thumbnail\" alt=\"\" \/><\/a>\n\t\t\t<\/dt><\/dl><dl class='gallery-item'>\n\t\t\t<dt class='gallery-icon landscape'>\n\t\t\t\t<a href='https:\/\/www.sudoestehoje.com.br\/novoportal\/2023\/07\/03\/mandato-atuacao-da-vereadora-manu-brandao-nos-bairros-agrada-populacao\/whatsapp-image-2023-06-30-at-11-35-39\/'><img loading=\"lazy\" decoding=\"async\" width=\"150\" height=\"150\" src=\"https:\/\/www.sudoestehoje.com.br\/novoportal\/wp-content\/uploads\/2023\/07\/WhatsApp-Image-2023-06-30-at-11.35.39-150x150.jpeg\" class=\"attachment-thumbnail size-thumbnail\" alt=\"\" \/><\/a>\n\t\t\t<\/dt><\/dl><dl class='gallery-item'>\n\t\t\t<dt class='gallery-icon portrait'>\n\t\t\t\t<a href='https:\/\/www.sudoestehoje.com.br\/novoportal\/2023\/07\/03\/mandato-atuacao-da-vereadora-manu-brandao-nos-bairros-agrada-populacao\/whatsapp-image-2023-06-30-at-11-38-00-1\/'><img loading=\"lazy\" decoding=\"async\" width=\"150\" height=\"150\" src=\"https:\/\/www.sudoestehoje.com.br\/novoportal\/wp-content\/uploads\/2023\/07\/WhatsApp-Image-2023-06-30-at-11.38.00-1-150x150.jpeg\" class=\"attachment-thumbnail size-thumbnail\" alt=\"\" \/><\/a>\n\t\t\t<\/dt><\/dl><br style=\"clear: both\" \/><dl class='gallery-item'>\n\t\t\t<dt class='gallery-icon portrait'>\n\t\t\t\t<a href='https:\/\/www.sudoestehoje.com.br\/novoportal\/2023\/07\/03\/mandato-atuacao-da-vereadora-manu-brandao-nos-bairros-agrada-populacao\/whatsapp-image-2023-06-30-at-11-38-00\/'><img loading=\"lazy\" decoding=\"async\" width=\"150\" height=\"150\" src=\"https:\/\/www.sudoestehoje.com.br\/novoportal\/wp-content\/uploads\/2023\/07\/WhatsApp-Image-2023-06-30-at-11.38.00-150x150.jpeg\" class=\"attachment-thumbnail size-thumbnail\" alt=\"\" \/><\/a>\n\t\t\t<\/dt><\/dl><dl class='gallery-item'>\n\t\t\t<dt class='gallery-icon portrait'>\n\t\t\t\t<a href='https:\/\/www.sudoestehoje.com.br\/novoportal\/2023\/07\/03\/mandato-atuacao-da-vereadora-manu-brandao-nos-bairros-agrada-populacao\/whatsapp-image-2023-06-30-at-11-38-01\/'><img loading=\"lazy\" decoding=\"async\" width=\"150\" height=\"150\" src=\"https:\/\/www.sudoestehoje.com.br\/novoportal\/wp-content\/uploads\/2023\/07\/WhatsApp-Image-2023-06-30-at-11.38.01-150x150.jpeg\" class=\"attachment-thumbnail size-thumbnail\" alt=\"\" \/><\/a>\n\t\t\t<\/dt><\/dl><dl class='gallery-item'>\n\t\t\t<dt class='gallery-icon portrait'>\n\t\t\t\t<a href='https:\/\/www.sudoestehoje.com.br\/novoportal\/2023\/07\/03\/mandato-atuacao-da-vereadora-manu-brandao-nos-bairros-agrada-populacao\/whatsapp-image-2023-06-30-at-11-44-32\/'><img loading=\"lazy\" decoding=\"async\" width=\"150\" height=\"150\" src=\"https:\/\/www.sudoestehoje.com.br\/novoportal\/wp-content\/uploads\/2023\/07\/WhatsApp-Image-2023-06-30-at-11.44.32-150x150.jpeg\" class=\"attachment-thumbnail size-thumbnail\" alt=\"\" \/><\/a>\n\t\t\t<\/dt><\/dl><br style=\"clear: both\" \/>\n\t\t<\/div>\n\n<p><strong>Por Davi Ferraz<\/strong><\/p>\n","protected":false},"excerpt":{"rendered":"<p>Atuante e participativa, a vereadora Manu Brand\u00e3o (MDB) vem se destacando no decorrer do seu mandato, pela aten\u00e7\u00e3o \u00e0s pessoas mais humildes dos bairros populares de Itapetinga, o que chama \u00e0 aten\u00e7\u00e3o e agrada a popula\u00e7\u00e3o. Frequentemente, Manu Brand\u00e3o vem visitando moradores do bairros mais distantes, diretamente nas suas resid\u00eancias, para ouvir as demandas dos [&hellip;]<\/p>\n","protected":false},"author":2,"featured_media":111074,"comment_status":"closed","ping_status":"open","sticky":false,"template":"","format":"standard","meta":{"footnotes":"","_links_to":"","_links_to_target":""},"categories":[1],"tags":[],"class_list":["post-111065","post","type-post","status-publish","format-standard","has-post-thumbnail","hentry","category-geral"],"views":880,"_links":{"self":[{"href":"https:\/\/www.sudoestehoje.com.br\/novoportal\/wp-json\/wp\/v2\/posts\/111065","targetHints":{"allow":["GET"]}}],"collection":[{"href":"https:\/\/www.sudoestehoje.com.br\/novoportal\/wp-json\/wp\/v2\/posts"}],"about":[{"href":"https:\/\/www.sudoestehoje.com.br\/novoportal\/wp-json\/wp\/v2\/types\/post"}],"author":[{"embeddable":true,"href":"https:\/\/www.sudoestehoje.com.br\/novoportal\/wp-json\/wp\/v2\/users\/2"}],"replies":[{"embeddable":true,"href":"https:\/\/www.sudoestehoje.com.br\/novoportal\/wp-json\/wp\/v2\/comments?post=111065"}],"version-history":[{"count":5,"href":"https:\/\/www.sudoestehoje.com.br\/novoportal\/wp-json\/wp\/v2\/posts\/111065\/revisions"}],"predecessor-version":[{"id":111078,"href":"https:\/\/www.sudoestehoje.com.br\/novoportal\/wp-json\/wp\/v2\/posts\/111065\/revisions\/111078"}],"wp:featuredmedia":[{"embeddable":true,"href":"https:\/\/www.sudoestehoje.com.br\/novoportal\/wp-json\/wp\/v2\/media\/111074"}],"wp:attachment":[{"href":"https:\/\/www.sudoestehoje.com.br\/novoportal\/wp-json\/wp\/v2\/media?parent=111065"}],"wp:term":[{"taxonomy":"category","embeddable":true,"href":"https:\/\/www.sudoestehoje.com.br\/novoportal\/wp-json\/wp\/v2\/categories?post=111065"},{"taxonomy":"post_tag","embeddable":true,"href":"https:\/\/www.sudoestehoje.com.br\/novoportal\/wp-json\/wp\/v2\/tags?post=111065"}],"curies":[{"name":"wp","href":"https:\/\/api.w.org\/{rel}","templated":true}]}}