
{"id":111040,"date":"2023-06-30T11:28:07","date_gmt":"2023-06-30T14:28:07","guid":{"rendered":"https:\/\/www.sudoestehoje.com.br\/novoportal\/?p=111040"},"modified":"2023-06-30T11:29:18","modified_gmt":"2023-06-30T14:29:18","slug":"itapetinga-preco-dos-combustiveis-deve-subir-na-virada-desta-sexta-para-sabado","status":"publish","type":"post","link":"https:\/\/www.sudoestehoje.com.br\/novoportal\/2023\/06\/30\/itapetinga-preco-dos-combustiveis-deve-subir-na-virada-desta-sexta-para-sabado\/","title":{"rendered":"ITAPETINGA | PRE\u00c7OS DOS COMBUST\u00cdVEIS DEVEM SUBIR NA VIRADA DESTA SEXTA PARA S\u00c1BADO"},"content":{"rendered":"<p><a href=\"https:\/\/www.sudoestehoje.com.br\/novoportal\/wp-content\/uploads\/2023\/06\/WhatsApp-Image-2023-06-30-at-11.24.26.jpeg\"><img loading=\"lazy\" decoding=\"async\" class=\"aligncenter wp-image-111044\" src=\"https:\/\/www.sudoestehoje.com.br\/novoportal\/wp-content\/uploads\/2023\/06\/WhatsApp-Image-2023-06-30-at-11.24.26-600x338.jpeg\" alt=\"\" width=\"550\" height=\"310\" srcset=\"https:\/\/www.sudoestehoje.com.br\/novoportal\/wp-content\/uploads\/2023\/06\/WhatsApp-Image-2023-06-30-at-11.24.26-600x338.jpeg 600w, https:\/\/www.sudoestehoje.com.br\/novoportal\/wp-content\/uploads\/2023\/06\/WhatsApp-Image-2023-06-30-at-11.24.26-700x394.jpeg 700w, https:\/\/www.sudoestehoje.com.br\/novoportal\/wp-content\/uploads\/2023\/06\/WhatsApp-Image-2023-06-30-at-11.24.26-768x432.jpeg 768w, https:\/\/www.sudoestehoje.com.br\/novoportal\/wp-content\/uploads\/2023\/06\/WhatsApp-Image-2023-06-30-at-11.24.26-1536x865.jpeg 1536w, https:\/\/www.sudoestehoje.com.br\/novoportal\/wp-content\/uploads\/2023\/06\/WhatsApp-Image-2023-06-30-at-11.24.26.jpeg 1600w\" sizes=\"auto, (max-width: 550px) 100vw, 550px\" \/><\/a><\/p>\n<p><strong>A medida provis\u00f3ria do governo que estabelecia al\u00edquotas parciais sobre a gasolina e o etanol acabou nesta quinta-feira (28). Com isso, as al\u00edquotas federais passam a ser cobradas integralmente, elevando o pre\u00e7o da gasolina em R$ 0,34 por litro e do etanol em R$ 0,22 por litro.<\/strong><\/p>\n<p><strong>Em Vit\u00f3ria da Conquista, o pre\u00e7o foi reajustado nesta quinta (29). A gasolina saltou de um pre\u00e7o m\u00e9dio de R$ 5,95 para R$ 6,10. O etanol ainda n\u00e3o foi reajustado em alguns postos, ainda podendo ser encontrado por R$ 4,70 o litro, segundo o Blog do Sena, e deve subir tamb\u00e9m em Itapetinga.<\/strong><\/p>\n<p><strong>At\u00e9 o fechamento desta reportagem, os pre\u00e7os antigos continuam, mas segundo frentistas de alguns postos de combust\u00edveis, devem subir na virada da noite desta sexta (30) para s\u00e1bado (1\u00b0 de julho).<\/strong><\/p>\n<p><strong>Hora de encher o tanque para economizar alguns trocados&#8230;<\/strong><\/p>\n<p><strong>Por Davi Ferraz<\/strong><\/p>\n","protected":false},"excerpt":{"rendered":"<p>A medida provis\u00f3ria do governo que estabelecia al\u00edquotas parciais sobre a gasolina e o etanol acabou nesta quinta-feira (28). Com isso, as al\u00edquotas federais passam a ser cobradas integralmente, elevando o pre\u00e7o da gasolina em R$ 0,34 por litro e do etanol em R$ 0,22 por litro. Em Vit\u00f3ria da Conquista, o pre\u00e7o foi reajustado [&hellip;]<\/p>\n","protected":false},"author":2,"featured_media":111044,"comment_status":"closed","ping_status":"open","sticky":false,"template":"","format":"standard","meta":{"footnotes":"","_links_to":"","_links_to_target":""},"categories":[1],"tags":[],"class_list":["post-111040","post","type-post","status-publish","format-standard","has-post-thumbnail","hentry","category-geral"],"views":828,"_links":{"self":[{"href":"https:\/\/www.sudoestehoje.com.br\/novoportal\/wp-json\/wp\/v2\/posts\/111040","targetHints":{"allow":["GET"]}}],"collection":[{"href":"https:\/\/www.sudoestehoje.com.br\/novoportal\/wp-json\/wp\/v2\/posts"}],"about":[{"href":"https:\/\/www.sudoestehoje.com.br\/novoportal\/wp-json\/wp\/v2\/types\/post"}],"author":[{"embeddable":true,"href":"https:\/\/www.sudoestehoje.com.br\/novoportal\/wp-json\/wp\/v2\/users\/2"}],"replies":[{"embeddable":true,"href":"https:\/\/www.sudoestehoje.com.br\/novoportal\/wp-json\/wp\/v2\/comments?post=111040"}],"version-history":[{"count":5,"href":"https:\/\/www.sudoestehoje.com.br\/novoportal\/wp-json\/wp\/v2\/posts\/111040\/revisions"}],"predecessor-version":[{"id":111046,"href":"https:\/\/www.sudoestehoje.com.br\/novoportal\/wp-json\/wp\/v2\/posts\/111040\/revisions\/111046"}],"wp:featuredmedia":[{"embeddable":true,"href":"https:\/\/www.sudoestehoje.com.br\/novoportal\/wp-json\/wp\/v2\/media\/111044"}],"wp:attachment":[{"href":"https:\/\/www.sudoestehoje.com.br\/novoportal\/wp-json\/wp\/v2\/media?parent=111040"}],"wp:term":[{"taxonomy":"category","embeddable":true,"href":"https:\/\/www.sudoestehoje.com.br\/novoportal\/wp-json\/wp\/v2\/categories?post=111040"},{"taxonomy":"post_tag","embeddable":true,"href":"https:\/\/www.sudoestehoje.com.br\/novoportal\/wp-json\/wp\/v2\/tags?post=111040"}],"curies":[{"name":"wp","href":"https:\/\/api.w.org\/{rel}","templated":true}]}}