
{"id":111036,"date":"2023-06-30T10:55:30","date_gmt":"2023-06-30T13:55:30","guid":{"rendered":"https:\/\/www.sudoestehoje.com.br\/novoportal\/?p=111036"},"modified":"2023-06-30T10:56:09","modified_gmt":"2023-06-30T13:56:09","slug":"clima-inverno-ensolarado-predomina-em-itapetinga-e-todo-o-medio-sudoeste","status":"publish","type":"post","link":"https:\/\/www.sudoestehoje.com.br\/novoportal\/2023\/06\/30\/clima-inverno-ensolarado-predomina-em-itapetinga-e-todo-o-medio-sudoeste\/","title":{"rendered":"CLIMA | INVERNO ENSOLARADO PREDOMINA EM ITAPETINGA E TODO O M\u00c9DIO SUDOESTE"},"content":{"rendered":"<p><a href=\"https:\/\/www.sudoestehoje.com.br\/novoportal\/wp-content\/uploads\/2023\/06\/WhatsApp-Image-2023-06-30-at-10.49.48.jpeg\"><img loading=\"lazy\" decoding=\"async\" class=\"aligncenter wp-image-111037\" src=\"https:\/\/www.sudoestehoje.com.br\/novoportal\/wp-content\/uploads\/2023\/06\/WhatsApp-Image-2023-06-30-at-10.49.48-600x338.jpeg\" alt=\"\" width=\"550\" height=\"310\" srcset=\"https:\/\/www.sudoestehoje.com.br\/novoportal\/wp-content\/uploads\/2023\/06\/WhatsApp-Image-2023-06-30-at-10.49.48-600x338.jpeg 600w, https:\/\/www.sudoestehoje.com.br\/novoportal\/wp-content\/uploads\/2023\/06\/WhatsApp-Image-2023-06-30-at-10.49.48-700x394.jpeg 700w, https:\/\/www.sudoestehoje.com.br\/novoportal\/wp-content\/uploads\/2023\/06\/WhatsApp-Image-2023-06-30-at-10.49.48-768x432.jpeg 768w, https:\/\/www.sudoestehoje.com.br\/novoportal\/wp-content\/uploads\/2023\/06\/WhatsApp-Image-2023-06-30-at-10.49.48-1536x865.jpeg 1536w, https:\/\/www.sudoestehoje.com.br\/novoportal\/wp-content\/uploads\/2023\/06\/WhatsApp-Image-2023-06-30-at-10.49.48.jpeg 1600w\" sizes=\"auto, (max-width: 550px) 100vw, 550px\" \/><\/a><\/p>\n<p><strong>Ao contr\u00e1rio do que esperava, o &#8216;inverno de verdade&#8217; ainda n\u00e3o deu as caras em Itapetinga e na maioria dos munic\u00edpios do M\u00e9dio Sudoeste da Bahia.<\/strong><\/p>\n<p><strong>Na &#8216;Capital da Pecu\u00e1ria Baiana&#8217;, o tempo continua ensolarado e n\u00e3o h\u00e1 previs\u00e3o de chuva para a pr\u00f3xima semana, de acordo com o Climatempo.<\/strong><\/p>\n<p><strong>As temperaturas continuam amenas, com aquele friozinho moderado, \u00f3timo para dormir.<\/strong><\/p>\n<p><strong>S\u00f3 faltou a praia&#8230;<\/strong><\/p>\n<p><strong>Por Davi Ferraz<\/strong><\/p>\n","protected":false},"excerpt":{"rendered":"<p>Ao contr\u00e1rio do que esperava, o &#8216;inverno de verdade&#8217; ainda n\u00e3o deu as caras em Itapetinga e na maioria dos munic\u00edpios do M\u00e9dio Sudoeste da Bahia. Na &#8216;Capital da Pecu\u00e1ria Baiana&#8217;, o tempo continua ensolarado e n\u00e3o h\u00e1 previs\u00e3o de chuva para a pr\u00f3xima semana, de acordo com o Climatempo. As temperaturas continuam amenas, com [&hellip;]<\/p>\n","protected":false},"author":2,"featured_media":111037,"comment_status":"closed","ping_status":"open","sticky":false,"template":"","format":"standard","meta":{"footnotes":"","_links_to":"","_links_to_target":""},"categories":[1],"tags":[],"class_list":["post-111036","post","type-post","status-publish","format-standard","has-post-thumbnail","hentry","category-geral"],"views":977,"_links":{"self":[{"href":"https:\/\/www.sudoestehoje.com.br\/novoportal\/wp-json\/wp\/v2\/posts\/111036","targetHints":{"allow":["GET"]}}],"collection":[{"href":"https:\/\/www.sudoestehoje.com.br\/novoportal\/wp-json\/wp\/v2\/posts"}],"about":[{"href":"https:\/\/www.sudoestehoje.com.br\/novoportal\/wp-json\/wp\/v2\/types\/post"}],"author":[{"embeddable":true,"href":"https:\/\/www.sudoestehoje.com.br\/novoportal\/wp-json\/wp\/v2\/users\/2"}],"replies":[{"embeddable":true,"href":"https:\/\/www.sudoestehoje.com.br\/novoportal\/wp-json\/wp\/v2\/comments?post=111036"}],"version-history":[{"count":2,"href":"https:\/\/www.sudoestehoje.com.br\/novoportal\/wp-json\/wp\/v2\/posts\/111036\/revisions"}],"predecessor-version":[{"id":111039,"href":"https:\/\/www.sudoestehoje.com.br\/novoportal\/wp-json\/wp\/v2\/posts\/111036\/revisions\/111039"}],"wp:featuredmedia":[{"embeddable":true,"href":"https:\/\/www.sudoestehoje.com.br\/novoportal\/wp-json\/wp\/v2\/media\/111037"}],"wp:attachment":[{"href":"https:\/\/www.sudoestehoje.com.br\/novoportal\/wp-json\/wp\/v2\/media?parent=111036"}],"wp:term":[{"taxonomy":"category","embeddable":true,"href":"https:\/\/www.sudoestehoje.com.br\/novoportal\/wp-json\/wp\/v2\/categories?post=111036"},{"taxonomy":"post_tag","embeddable":true,"href":"https:\/\/www.sudoestehoje.com.br\/novoportal\/wp-json\/wp\/v2\/tags?post=111036"}],"curies":[{"name":"wp","href":"https:\/\/api.w.org\/{rel}","templated":true}]}}