
{"id":111015,"date":"2023-06-29T20:20:19","date_gmt":"2023-06-29T23:20:19","guid":{"rendered":"https:\/\/www.sudoestehoje.com.br\/novoportal\/?p=111015"},"modified":"2023-06-29T20:20:19","modified_gmt":"2023-06-29T23:20:19","slug":"regiao-primeira-morte-por-dengue-e-registrada-em-vitoria-da-conquista","status":"publish","type":"post","link":"https:\/\/www.sudoestehoje.com.br\/novoportal\/2023\/06\/29\/regiao-primeira-morte-por-dengue-e-registrada-em-vitoria-da-conquista\/","title":{"rendered":"REGI\u00c3O | PRIMEIRA MORTE POR DENGUE \u00c9 REGISTRADA EM VIT\u00d3RIA DA CONQUISTA"},"content":{"rendered":"<div id=\"chunk-7t53v\">\n<div class=\"mc-column content-text active-extra-styles \" data-block-type=\"unstyled\" data-block-weight=\"30\" data-block-id=\"3\">\n<p data-track-category=\"Link no Texto\" data-track-links=\"\"><a href=\"https:\/\/www.sudoestehoje.com.br\/novoportal\/wp-content\/uploads\/2023\/06\/DENGUE.webp\"><img loading=\"lazy\" decoding=\"async\" class=\"aligncenter  wp-image-111016\" src=\"https:\/\/www.sudoestehoje.com.br\/novoportal\/wp-content\/uploads\/2023\/06\/DENGUE-600x338.webp\" alt=\"\" width=\"550\" height=\"310\" srcset=\"https:\/\/www.sudoestehoje.com.br\/novoportal\/wp-content\/uploads\/2023\/06\/DENGUE-600x338.webp 600w, https:\/\/www.sudoestehoje.com.br\/novoportal\/wp-content\/uploads\/2023\/06\/DENGUE-700x394.webp 700w, https:\/\/www.sudoestehoje.com.br\/novoportal\/wp-content\/uploads\/2023\/06\/DENGUE-768x432.webp 768w, https:\/\/www.sudoestehoje.com.br\/novoportal\/wp-content\/uploads\/2023\/06\/DENGUE.webp 1200w\" sizes=\"auto, (max-width: 550px) 100vw, 550px\" \/><\/a><\/p>\n<p class=\"content-text__container \" data-track-category=\"Link no Texto\" data-track-links=\"\"><strong>Um homem de 62 anos morreu ap\u00f3s contrair dengue em\u00a0<a class=\"\" href=\"https:\/\/g1.globo.com\/ba\/bahia\/cidade\/vitoria-da-conquista\/\">Vit\u00f3ria da Conquista<\/a>, no sudoeste da Bahia. Esta \u00e9 a primeira morte causada pela doen\u00e7a na cidade este ano.<\/strong><\/p>\n<\/div>\n<\/div>\n<div class=\"wall protected-content\">\n<div id=\"chunk-9pmvh\">\n<div class=\"mc-column content-text active-extra-styles \" data-block-type=\"unstyled\" data-block-weight=\"27\" data-block-id=\"4\">\n<p class=\"content-text__container \" data-track-category=\"Link no Texto\" data-track-links=\"\"><strong>De acordo com a Secretaria Municipal de Sa\u00fade (SMS) de Vit\u00f3ria da Conquista o homem morreu no dia 18 de maio com a suspeita de arbovirose.<\/strong><\/p>\n<\/div>\n<\/div>\n<div id=\"chunk-cask1\">\n<div class=\"mc-column content-text active-extra-styles \" data-block-type=\"unstyled\" data-block-weight=\"25\" data-block-id=\"5\">\n<p class=\"content-text__container \" data-track-category=\"Link no Texto\" data-track-links=\"\"><strong>No entanto, a divulga\u00e7\u00e3o aconteceu somente nesta quinta-feira (29), ap\u00f3s an\u00e1lises feitas pela C\u00e2mara T\u00e9cnica das Arboviroses da Secretaria de Sa\u00fade do Estado (Sesab).<\/strong><\/p>\n<\/div>\n<\/div>\n<div id=\"chunk-3hkbo\">\n<div class=\"mc-column content-text active-extra-styles \" data-block-type=\"unstyled\" data-block-weight=\"21\" data-block-id=\"6\">\n<p class=\"content-text__container \" data-track-category=\"Link no Texto\" data-track-links=\"\"><strong>At\u00e9 quarta-feira (28), o munic\u00edpio contabilizou 2.793 notifica\u00e7\u00f5es suspeitas de arboviroses, das quais 1.772 foram de dengue, com 593 casos confirmados.<\/strong><\/p>\n<\/div>\n<\/div>\n<\/div>\n","protected":false},"excerpt":{"rendered":"<p>Um homem de 62 anos morreu ap\u00f3s contrair dengue em\u00a0Vit\u00f3ria da Conquista, no sudoeste da Bahia. Esta \u00e9 a primeira morte causada pela doen\u00e7a na cidade este ano. De acordo com a Secretaria Municipal de Sa\u00fade (SMS) de Vit\u00f3ria da Conquista o homem morreu no dia 18 de maio com a suspeita de arbovirose. No [&hellip;]<\/p>\n","protected":false},"author":2,"featured_media":111016,"comment_status":"closed","ping_status":"open","sticky":false,"template":"","format":"standard","meta":{"footnotes":"","_links_to":"","_links_to_target":""},"categories":[1],"tags":[],"class_list":["post-111015","post","type-post","status-publish","format-standard","has-post-thumbnail","hentry","category-geral"],"views":978,"_links":{"self":[{"href":"https:\/\/www.sudoestehoje.com.br\/novoportal\/wp-json\/wp\/v2\/posts\/111015","targetHints":{"allow":["GET"]}}],"collection":[{"href":"https:\/\/www.sudoestehoje.com.br\/novoportal\/wp-json\/wp\/v2\/posts"}],"about":[{"href":"https:\/\/www.sudoestehoje.com.br\/novoportal\/wp-json\/wp\/v2\/types\/post"}],"author":[{"embeddable":true,"href":"https:\/\/www.sudoestehoje.com.br\/novoportal\/wp-json\/wp\/v2\/users\/2"}],"replies":[{"embeddable":true,"href":"https:\/\/www.sudoestehoje.com.br\/novoportal\/wp-json\/wp\/v2\/comments?post=111015"}],"version-history":[{"count":1,"href":"https:\/\/www.sudoestehoje.com.br\/novoportal\/wp-json\/wp\/v2\/posts\/111015\/revisions"}],"predecessor-version":[{"id":111017,"href":"https:\/\/www.sudoestehoje.com.br\/novoportal\/wp-json\/wp\/v2\/posts\/111015\/revisions\/111017"}],"wp:featuredmedia":[{"embeddable":true,"href":"https:\/\/www.sudoestehoje.com.br\/novoportal\/wp-json\/wp\/v2\/media\/111016"}],"wp:attachment":[{"href":"https:\/\/www.sudoestehoje.com.br\/novoportal\/wp-json\/wp\/v2\/media?parent=111015"}],"wp:term":[{"taxonomy":"category","embeddable":true,"href":"https:\/\/www.sudoestehoje.com.br\/novoportal\/wp-json\/wp\/v2\/categories?post=111015"},{"taxonomy":"post_tag","embeddable":true,"href":"https:\/\/www.sudoestehoje.com.br\/novoportal\/wp-json\/wp\/v2\/tags?post=111015"}],"curies":[{"name":"wp","href":"https:\/\/api.w.org\/{rel}","templated":true}]}}