
{"id":111007,"date":"2023-06-29T19:55:35","date_gmt":"2023-06-29T22:55:35","guid":{"rendered":"https:\/\/www.sudoestehoje.com.br\/novoportal\/?p=111007"},"modified":"2023-06-29T19:55:35","modified_gmt":"2023-06-29T22:55:35","slug":"bahia-pode-perder-de-2-a-3-deputados-federais-com-novo-censo-assembleia-e-camaras-podem-ser-afetadas","status":"publish","type":"post","link":"https:\/\/www.sudoestehoje.com.br\/novoportal\/2023\/06\/29\/bahia-pode-perder-de-2-a-3-deputados-federais-com-novo-censo-assembleia-e-camaras-podem-ser-afetadas\/","title":{"rendered":"BAHIA PODE PERDER DE 2 A 3 DEPUTADOS FEDERAIS COM NOVO CENSO; ASSEMBLEIA E C\u00c2MARAS PODEM SER AFETADAS"},"content":{"rendered":"<p><a href=\"https:\/\/www.sudoestehoje.com.br\/novoportal\/wp-content\/uploads\/2023\/06\/DEPUTADOS-FEDERAIS.jpg\"><img loading=\"lazy\" decoding=\"async\" class=\"aligncenter  wp-image-111012\" src=\"https:\/\/www.sudoestehoje.com.br\/novoportal\/wp-content\/uploads\/2023\/06\/DEPUTADOS-FEDERAIS-600x282.jpg\" alt=\"\" width=\"549\" height=\"258\" srcset=\"https:\/\/www.sudoestehoje.com.br\/novoportal\/wp-content\/uploads\/2023\/06\/DEPUTADOS-FEDERAIS-600x282.jpg 600w, https:\/\/www.sudoestehoje.com.br\/novoportal\/wp-content\/uploads\/2023\/06\/DEPUTADOS-FEDERAIS-700x329.jpg 700w, https:\/\/www.sudoestehoje.com.br\/novoportal\/wp-content\/uploads\/2023\/06\/DEPUTADOS-FEDERAIS-768x361.jpg 768w, https:\/\/www.sudoestehoje.com.br\/novoportal\/wp-content\/uploads\/2023\/06\/DEPUTADOS-FEDERAIS-1536x722.jpg 1536w, https:\/\/www.sudoestehoje.com.br\/novoportal\/wp-content\/uploads\/2023\/06\/DEPUTADOS-FEDERAIS.jpg 1600w\" sizes=\"auto, (max-width: 549px) 100vw, 549px\" \/><\/a><\/p>\n<p><strong>Com os dados populacionais do Instituto Brasileiro de Geografia e Estat\u00edsticas (IBGE) divulgados nesta quarta-feira, 28, a Bahia deve perder tr\u00eas representantes na C\u00e2mara dos Deputados. Atualmente, o estado tem 39 deputados federais na Casa Baixa e o crescimento de 6,45% na popula\u00e7\u00e3o brasileira, impactar\u00e1 diretamente no n\u00famero de parlamentares em Bras\u00edlia n\u00e3o s\u00f3 na Bahia, mas na maioria das unidades da federa\u00e7\u00e3o.<\/strong><\/p>\n<p><strong>Para chegar \u00e0 quantidade de cadeiras de cada estado na C\u00e2mara dos Deputados, \u00e9 preciso usar como refer\u00eancia o Quociente Populacional Nacional (QPN), que, com os novos dados, passa de 371.843,66 para 395.833,35. O QPN \u00e9 o resultado da divis\u00e3o da popula\u00e7\u00e3o do pa\u00eds, que de acordo com o Censo divulgado nesta quarta \u00e9 de 203.062.512 de habitantes, pela quantidade de vagas de deputados federais: 513.<\/strong><\/p>\n<p><strong>IMPACTO NA ALBA<\/strong><\/p>\n<p><strong>Com o novo QPN, a quantidade de cadeiras na Assembleia Legislativa da Bahia (Alba) tamb\u00e9m dever\u00e1 diminuir em duas vagas. Pelo c\u00e1lculo, os estados que possuem mais de 12 deputados federais t\u00eam o direito de contar com 36 deputados estaduais, referentes \u00e0s 12 primeiras cadeiras, al\u00e9m de um deputado estadual adicional para cada cadeira al\u00e9m dessas.<\/strong><\/p>\n<p><strong>Nesse sentido, a partir do novo QPN com o Censo 2022, a Bahia com os 37 deputados federais, passar\u00e1 a ter 61 deputados estaduais frente aos 63 atuais.<\/strong><\/p>\n<p><strong>C\u00c2MARAS MUNICIPAIS<\/strong><\/p>\n<p><strong>O aumento e redu\u00e7\u00e3o populacional em alguns munic\u00edpios, pode tamb\u00e9m afetar o n\u00famero de cadeiras nas c\u00e2maras municipais para a pr\u00f3xima elei\u00e7\u00e3o, vez que o n\u00famero de vereadores \u00e9 determinado por esse crit\u00e9rio, segundo tabela prevista em lei federal. Itapetinga mant\u00e9m o n\u00famero atual de 15 vereadores.<\/strong><\/p>\n<p><strong>Hora de fazer c\u00e1lculos&#8230;<\/strong><\/p>\n<p><strong>Por Davi Ferraz\u00a0<\/strong><\/p>\n","protected":false},"excerpt":{"rendered":"<p>Com os dados populacionais do Instituto Brasileiro de Geografia e Estat\u00edsticas (IBGE) divulgados nesta quarta-feira, 28, a Bahia deve perder tr\u00eas representantes na C\u00e2mara dos Deputados. Atualmente, o estado tem 39 deputados federais na Casa Baixa e o crescimento de 6,45% na popula\u00e7\u00e3o brasileira, impactar\u00e1 diretamente no n\u00famero de parlamentares em Bras\u00edlia n\u00e3o s\u00f3 na [&hellip;]<\/p>\n","protected":false},"author":2,"featured_media":111012,"comment_status":"closed","ping_status":"open","sticky":false,"template":"","format":"standard","meta":{"footnotes":"","_links_to":"","_links_to_target":""},"categories":[1],"tags":[],"class_list":["post-111007","post","type-post","status-publish","format-standard","has-post-thumbnail","hentry","category-geral"],"views":907,"_links":{"self":[{"href":"https:\/\/www.sudoestehoje.com.br\/novoportal\/wp-json\/wp\/v2\/posts\/111007","targetHints":{"allow":["GET"]}}],"collection":[{"href":"https:\/\/www.sudoestehoje.com.br\/novoportal\/wp-json\/wp\/v2\/posts"}],"about":[{"href":"https:\/\/www.sudoestehoje.com.br\/novoportal\/wp-json\/wp\/v2\/types\/post"}],"author":[{"embeddable":true,"href":"https:\/\/www.sudoestehoje.com.br\/novoportal\/wp-json\/wp\/v2\/users\/2"}],"replies":[{"embeddable":true,"href":"https:\/\/www.sudoestehoje.com.br\/novoportal\/wp-json\/wp\/v2\/comments?post=111007"}],"version-history":[{"count":6,"href":"https:\/\/www.sudoestehoje.com.br\/novoportal\/wp-json\/wp\/v2\/posts\/111007\/revisions"}],"predecessor-version":[{"id":111014,"href":"https:\/\/www.sudoestehoje.com.br\/novoportal\/wp-json\/wp\/v2\/posts\/111007\/revisions\/111014"}],"wp:featuredmedia":[{"embeddable":true,"href":"https:\/\/www.sudoestehoje.com.br\/novoportal\/wp-json\/wp\/v2\/media\/111012"}],"wp:attachment":[{"href":"https:\/\/www.sudoestehoje.com.br\/novoportal\/wp-json\/wp\/v2\/media?parent=111007"}],"wp:term":[{"taxonomy":"category","embeddable":true,"href":"https:\/\/www.sudoestehoje.com.br\/novoportal\/wp-json\/wp\/v2\/categories?post=111007"},{"taxonomy":"post_tag","embeddable":true,"href":"https:\/\/www.sudoestehoje.com.br\/novoportal\/wp-json\/wp\/v2\/tags?post=111007"}],"curies":[{"name":"wp","href":"https:\/\/api.w.org\/{rel}","templated":true}]}}