
{"id":110993,"date":"2023-06-28T23:51:41","date_gmt":"2023-06-29T02:51:41","guid":{"rendered":"https:\/\/www.sudoestehoje.com.br\/novoportal\/?p=110993"},"modified":"2023-06-28T23:51:41","modified_gmt":"2023-06-29T02:51:41","slug":"ibge-populacao-de-santa-cruz-da-vitoria-cai-2861-em-relacao-ao-censo-de-2010","status":"publish","type":"post","link":"https:\/\/www.sudoestehoje.com.br\/novoportal\/2023\/06\/28\/ibge-populacao-de-santa-cruz-da-vitoria-cai-2861-em-relacao-ao-censo-de-2010\/","title":{"rendered":"IBGE | POPULA\u00c7\u00c3O DE SANTA CRUZ DA VIT\u00d3RIA CAI 28,61 EM RELA\u00c7\u00c3O AO CENSO DE 2010"},"content":{"rendered":"<p><a href=\"https:\/\/www.sudoestehoje.com.br\/novoportal\/wp-content\/uploads\/2023\/06\/Itororo.jpg\"><img loading=\"lazy\" decoding=\"async\" class=\"aligncenter  wp-image-110994\" src=\"https:\/\/www.sudoestehoje.com.br\/novoportal\/wp-content\/uploads\/2023\/06\/Itororo.jpg\" alt=\"\" width=\"551\" height=\"351\" \/><\/a><\/p>\n<p><strong>A popula\u00e7\u00e3o da cidade de Santa Cruz da Vit\u00f3ria (BA) chegou a 4.681 pessoas no Censo de 2022, o que representa uma queda de -28,61% em compara\u00e7\u00e3o com o Censo de 2010. Os resultados foram divulgados nesta quarta-feira (28) pelo Instituto Brasileiro de Geografia e Estat\u00edstica (IBGE).<\/strong><\/p>\n<p><strong>No ranking de popula\u00e7\u00e3o dos munic\u00edpios, Santa Cruz da Vit\u00f3ria est\u00e1 na 407\u00aa coloca\u00e7\u00e3o no estado, na 1.582\u00aa coloca\u00e7\u00e3o na regi\u00e3o Nordeste e na 4.376\u00aa coloca\u00e7\u00e3o no Brasil.<\/strong><\/p>\n","protected":false},"excerpt":{"rendered":"<p>A popula\u00e7\u00e3o da cidade de Santa Cruz da Vit\u00f3ria (BA) chegou a 4.681 pessoas no Censo de 2022, o que representa uma queda de -28,61% em compara\u00e7\u00e3o com o Censo de 2010. Os resultados foram divulgados nesta quarta-feira (28) pelo Instituto Brasileiro de Geografia e Estat\u00edstica (IBGE). No ranking de popula\u00e7\u00e3o dos munic\u00edpios, Santa Cruz [&hellip;]<\/p>\n","protected":false},"author":2,"featured_media":110994,"comment_status":"closed","ping_status":"open","sticky":false,"template":"","format":"standard","meta":{"footnotes":"","_links_to":"","_links_to_target":""},"categories":[1],"tags":[],"class_list":["post-110993","post","type-post","status-publish","format-standard","has-post-thumbnail","hentry","category-geral"],"views":885,"_links":{"self":[{"href":"https:\/\/www.sudoestehoje.com.br\/novoportal\/wp-json\/wp\/v2\/posts\/110993","targetHints":{"allow":["GET"]}}],"collection":[{"href":"https:\/\/www.sudoestehoje.com.br\/novoportal\/wp-json\/wp\/v2\/posts"}],"about":[{"href":"https:\/\/www.sudoestehoje.com.br\/novoportal\/wp-json\/wp\/v2\/types\/post"}],"author":[{"embeddable":true,"href":"https:\/\/www.sudoestehoje.com.br\/novoportal\/wp-json\/wp\/v2\/users\/2"}],"replies":[{"embeddable":true,"href":"https:\/\/www.sudoestehoje.com.br\/novoportal\/wp-json\/wp\/v2\/comments?post=110993"}],"version-history":[{"count":1,"href":"https:\/\/www.sudoestehoje.com.br\/novoportal\/wp-json\/wp\/v2\/posts\/110993\/revisions"}],"predecessor-version":[{"id":110995,"href":"https:\/\/www.sudoestehoje.com.br\/novoportal\/wp-json\/wp\/v2\/posts\/110993\/revisions\/110995"}],"wp:featuredmedia":[{"embeddable":true,"href":"https:\/\/www.sudoestehoje.com.br\/novoportal\/wp-json\/wp\/v2\/media\/110994"}],"wp:attachment":[{"href":"https:\/\/www.sudoestehoje.com.br\/novoportal\/wp-json\/wp\/v2\/media?parent=110993"}],"wp:term":[{"taxonomy":"category","embeddable":true,"href":"https:\/\/www.sudoestehoje.com.br\/novoportal\/wp-json\/wp\/v2\/categories?post=110993"},{"taxonomy":"post_tag","embeddable":true,"href":"https:\/\/www.sudoestehoje.com.br\/novoportal\/wp-json\/wp\/v2\/tags?post=110993"}],"curies":[{"name":"wp","href":"https:\/\/api.w.org\/{rel}","templated":true}]}}