
{"id":110988,"date":"2023-06-28T23:34:59","date_gmt":"2023-06-29T02:34:59","guid":{"rendered":"https:\/\/www.sudoestehoje.com.br\/novoportal\/?p=110988"},"modified":"2023-06-28T23:34:59","modified_gmt":"2023-06-29T02:34:59","slug":"ibge-nova-canaa-tem-queda-populacional-de-1447-em-relacao-ao-censo-de-2020","status":"publish","type":"post","link":"https:\/\/www.sudoestehoje.com.br\/novoportal\/2023\/06\/28\/ibge-nova-canaa-tem-queda-populacional-de-1447-em-relacao-ao-censo-de-2020\/","title":{"rendered":"IBGE | NOVA CANA\u00c3 TEM QUEDA POPULACIONAL DE -14,47 EM RELA\u00c7\u00c3O AO CENSO DE 2020"},"content":{"rendered":"<p><a href=\"https:\/\/www.sudoestehoje.com.br\/novoportal\/wp-content\/uploads\/2023\/06\/Concurso-prefeitura-de-Nova-Canaa.jpg\"><img loading=\"lazy\" decoding=\"async\" class=\"aligncenter  wp-image-110991\" src=\"https:\/\/www.sudoestehoje.com.br\/novoportal\/wp-content\/uploads\/2023\/06\/Concurso-prefeitura-de-Nova-Canaa-600x315.jpg\" alt=\"\" width=\"550\" height=\"289\" srcset=\"https:\/\/www.sudoestehoje.com.br\/novoportal\/wp-content\/uploads\/2023\/06\/Concurso-prefeitura-de-Nova-Canaa-600x315.jpg 600w, https:\/\/www.sudoestehoje.com.br\/novoportal\/wp-content\/uploads\/2023\/06\/Concurso-prefeitura-de-Nova-Canaa-700x367.jpg 700w, https:\/\/www.sudoestehoje.com.br\/novoportal\/wp-content\/uploads\/2023\/06\/Concurso-prefeitura-de-Nova-Canaa-768x403.jpg 768w, https:\/\/www.sudoestehoje.com.br\/novoportal\/wp-content\/uploads\/2023\/06\/Concurso-prefeitura-de-Nova-Canaa-1536x805.jpg 1536w, https:\/\/www.sudoestehoje.com.br\/novoportal\/wp-content\/uploads\/2023\/06\/Concurso-prefeitura-de-Nova-Canaa.jpg 1568w\" sizes=\"auto, (max-width: 550px) 100vw, 550px\" \/><\/a><\/p>\n<p><strong>A popula\u00e7\u00e3o da cidade de Nova Cana\u00e3 (BA) chegou a 13.715 pessoas no Censo de 2022, o que representa uma queda de -14,47% em compara\u00e7\u00e3o com o Censo de 2010. Os resultados foram divulgados nesta quarta-feira (28) pelo Instituto Brasileiro de Geografia e Estat\u00edstica (IBGE).<\/strong><\/p>\n<div id=\"chunk-b1r0u\">\n<div class=\"mc-column content-text active-extra-styles \" data-block-type=\"unstyled\" data-block-weight=\"9\" data-block-id=\"6\">\n<p class=\"content-text__container \" data-track-category=\"Link no Texto\" data-track-links=\"\"><strong>No ranking de popula\u00e7\u00e3o dos munic\u00edpios, Nova Cana\u00e3 est\u00e1 na 261\u00aa coloca\u00e7\u00e3o no estado, na 909\u00aa coloca\u00e7\u00e3o na regi\u00e3o Nordeste e na 2.415\u00aa coloca\u00e7\u00e3o no Brasil.<\/strong><\/p>\n<\/div>\n<\/div>\n","protected":false},"excerpt":{"rendered":"<p>A popula\u00e7\u00e3o da cidade de Nova Cana\u00e3 (BA) chegou a 13.715 pessoas no Censo de 2022, o que representa uma queda de -14,47% em compara\u00e7\u00e3o com o Censo de 2010. Os resultados foram divulgados nesta quarta-feira (28) pelo Instituto Brasileiro de Geografia e Estat\u00edstica (IBGE). No ranking de popula\u00e7\u00e3o dos munic\u00edpios, Nova Cana\u00e3 est\u00e1 na [&hellip;]<\/p>\n","protected":false},"author":2,"featured_media":110991,"comment_status":"closed","ping_status":"open","sticky":false,"template":"","format":"standard","meta":{"footnotes":"","_links_to":"","_links_to_target":""},"categories":[1],"tags":[],"class_list":["post-110988","post","type-post","status-publish","format-standard","has-post-thumbnail","hentry","category-geral"],"views":997,"_links":{"self":[{"href":"https:\/\/www.sudoestehoje.com.br\/novoportal\/wp-json\/wp\/v2\/posts\/110988","targetHints":{"allow":["GET"]}}],"collection":[{"href":"https:\/\/www.sudoestehoje.com.br\/novoportal\/wp-json\/wp\/v2\/posts"}],"about":[{"href":"https:\/\/www.sudoestehoje.com.br\/novoportal\/wp-json\/wp\/v2\/types\/post"}],"author":[{"embeddable":true,"href":"https:\/\/www.sudoestehoje.com.br\/novoportal\/wp-json\/wp\/v2\/users\/2"}],"replies":[{"embeddable":true,"href":"https:\/\/www.sudoestehoje.com.br\/novoportal\/wp-json\/wp\/v2\/comments?post=110988"}],"version-history":[{"count":2,"href":"https:\/\/www.sudoestehoje.com.br\/novoportal\/wp-json\/wp\/v2\/posts\/110988\/revisions"}],"predecessor-version":[{"id":110992,"href":"https:\/\/www.sudoestehoje.com.br\/novoportal\/wp-json\/wp\/v2\/posts\/110988\/revisions\/110992"}],"wp:featuredmedia":[{"embeddable":true,"href":"https:\/\/www.sudoestehoje.com.br\/novoportal\/wp-json\/wp\/v2\/media\/110991"}],"wp:attachment":[{"href":"https:\/\/www.sudoestehoje.com.br\/novoportal\/wp-json\/wp\/v2\/media?parent=110988"}],"wp:term":[{"taxonomy":"category","embeddable":true,"href":"https:\/\/www.sudoestehoje.com.br\/novoportal\/wp-json\/wp\/v2\/categories?post=110988"},{"taxonomy":"post_tag","embeddable":true,"href":"https:\/\/www.sudoestehoje.com.br\/novoportal\/wp-json\/wp\/v2\/tags?post=110988"}],"curies":[{"name":"wp","href":"https:\/\/api.w.org\/{rel}","templated":true}]}}