
{"id":110985,"date":"2023-06-28T23:25:48","date_gmt":"2023-06-29T02:25:48","guid":{"rendered":"https:\/\/www.sudoestehoje.com.br\/novoportal\/?p=110985"},"modified":"2023-06-28T23:25:48","modified_gmt":"2023-06-29T02:25:48","slug":"ibge-populacao-de-firmino-alves-cai-949-e-chega-a-4-873-habitantes","status":"publish","type":"post","link":"https:\/\/www.sudoestehoje.com.br\/novoportal\/2023\/06\/28\/ibge-populacao-de-firmino-alves-cai-949-e-chega-a-4-873-habitantes\/","title":{"rendered":"IBGE | POPULA\u00c7\u00c3O DE FIRMINO ALVES CAI -9,49%  E CHEGA A 4.873 HABITANTES"},"content":{"rendered":"<p><a href=\"https:\/\/www.sudoestehoje.com.br\/novoportal\/wp-content\/uploads\/2023\/06\/FIRMINO-ALVES.webp\"><img loading=\"lazy\" decoding=\"async\" class=\"aligncenter  wp-image-110986\" src=\"https:\/\/www.sudoestehoje.com.br\/novoportal\/wp-content\/uploads\/2023\/06\/FIRMINO-ALVES.webp\" alt=\"\" width=\"535\" height=\"301\" \/><\/a><\/p>\n<p><strong>A popula\u00e7\u00e3o da cidade de Firmino Alves (BA) chegou a 4.873 pessoas no Censo de 2022, o que representa uma queda de -9,49% em compara\u00e7\u00e3o com o Censo de 2010. Os resultados foram divulgados nesta quarta-feira (28) pelo Instituto Brasileiro de Geografia e Estat\u00edstica (IBGE).<\/strong><\/p>\n<p><strong>No ranking de popula\u00e7\u00e3o dos munic\u00edpios, Firmino Alves est\u00e1 na 406\u00aa coloca\u00e7\u00e3o no estado, na 1.559\u00aa coloca\u00e7\u00e3o na regi\u00e3o Nordeste e na 4.290\u00aa coloca\u00e7\u00e3o no Brasil.<\/strong><\/p>\n","protected":false},"excerpt":{"rendered":"<p>A popula\u00e7\u00e3o da cidade de Firmino Alves (BA) chegou a 4.873 pessoas no Censo de 2022, o que representa uma queda de -9,49% em compara\u00e7\u00e3o com o Censo de 2010. Os resultados foram divulgados nesta quarta-feira (28) pelo Instituto Brasileiro de Geografia e Estat\u00edstica (IBGE). No ranking de popula\u00e7\u00e3o dos munic\u00edpios, Firmino Alves est\u00e1 na [&hellip;]<\/p>\n","protected":false},"author":2,"featured_media":110986,"comment_status":"closed","ping_status":"open","sticky":false,"template":"","format":"standard","meta":{"footnotes":"","_links_to":"","_links_to_target":""},"categories":[1],"tags":[],"class_list":["post-110985","post","type-post","status-publish","format-standard","has-post-thumbnail","hentry","category-geral"],"views":898,"_links":{"self":[{"href":"https:\/\/www.sudoestehoje.com.br\/novoportal\/wp-json\/wp\/v2\/posts\/110985","targetHints":{"allow":["GET"]}}],"collection":[{"href":"https:\/\/www.sudoestehoje.com.br\/novoportal\/wp-json\/wp\/v2\/posts"}],"about":[{"href":"https:\/\/www.sudoestehoje.com.br\/novoportal\/wp-json\/wp\/v2\/types\/post"}],"author":[{"embeddable":true,"href":"https:\/\/www.sudoestehoje.com.br\/novoportal\/wp-json\/wp\/v2\/users\/2"}],"replies":[{"embeddable":true,"href":"https:\/\/www.sudoestehoje.com.br\/novoportal\/wp-json\/wp\/v2\/comments?post=110985"}],"version-history":[{"count":1,"href":"https:\/\/www.sudoestehoje.com.br\/novoportal\/wp-json\/wp\/v2\/posts\/110985\/revisions"}],"predecessor-version":[{"id":110987,"href":"https:\/\/www.sudoestehoje.com.br\/novoportal\/wp-json\/wp\/v2\/posts\/110985\/revisions\/110987"}],"wp:featuredmedia":[{"embeddable":true,"href":"https:\/\/www.sudoestehoje.com.br\/novoportal\/wp-json\/wp\/v2\/media\/110986"}],"wp:attachment":[{"href":"https:\/\/www.sudoestehoje.com.br\/novoportal\/wp-json\/wp\/v2\/media?parent=110985"}],"wp:term":[{"taxonomy":"category","embeddable":true,"href":"https:\/\/www.sudoestehoje.com.br\/novoportal\/wp-json\/wp\/v2\/categories?post=110985"},{"taxonomy":"post_tag","embeddable":true,"href":"https:\/\/www.sudoestehoje.com.br\/novoportal\/wp-json\/wp\/v2\/tags?post=110985"}],"curies":[{"name":"wp","href":"https:\/\/api.w.org\/{rel}","templated":true}]}}