
{"id":110967,"date":"2023-06-28T22:19:18","date_gmt":"2023-06-29T01:19:18","guid":{"rendered":"https:\/\/www.sudoestehoje.com.br\/novoportal\/?p=110967"},"modified":"2023-06-28T22:19:18","modified_gmt":"2023-06-29T01:19:18","slug":"ibge-populacao-de-itambe-cai-415-em-relacao-ao-censo-de-2010","status":"publish","type":"post","link":"https:\/\/www.sudoestehoje.com.br\/novoportal\/2023\/06\/28\/ibge-populacao-de-itambe-cai-415-em-relacao-ao-censo-de-2010\/","title":{"rendered":"IBGE | POPULA\u00c7\u00c3O DE ITAMB\u00c9 CAI -4,15% EM RELA\u00c7\u00c3O AO CENSO DE 2010"},"content":{"rendered":"<p><a href=\"https:\/\/www.sudoestehoje.com.br\/novoportal\/wp-content\/uploads\/2023\/06\/134353201709091.webp\"><img loading=\"lazy\" decoding=\"async\" class=\"aligncenter  wp-image-110968\" src=\"https:\/\/www.sudoestehoje.com.br\/novoportal\/wp-content\/uploads\/2023\/06\/134353201709091-600x345.webp\" alt=\"\" width=\"550\" height=\"316\" srcset=\"https:\/\/www.sudoestehoje.com.br\/novoportal\/wp-content\/uploads\/2023\/06\/134353201709091-600x345.webp 600w, https:\/\/www.sudoestehoje.com.br\/novoportal\/wp-content\/uploads\/2023\/06\/134353201709091-700x402.webp 700w, https:\/\/www.sudoestehoje.com.br\/novoportal\/wp-content\/uploads\/2023\/06\/134353201709091-768x441.webp 768w, https:\/\/www.sudoestehoje.com.br\/novoportal\/wp-content\/uploads\/2023\/06\/134353201709091.webp 984w\" sizes=\"auto, (max-width: 550px) 100vw, 550px\" \/><\/a><\/p>\n<p><strong>A popula\u00e7\u00e3o da cidade de\u00a0<a class=\"\" href=\"https:\/\/g1.globo.com\/ba\/bahia\/cidade\/itambe-ba\/\">Itamb\u00e9 (BA)<\/a>\u00a0chegou a 24.394 pessoas no Censo de 2022, o que representa uma queda de -4,15% em compara\u00e7\u00e3o com o Censo de 2010. Os resultados foram divulgados nesta quarta-feira (28) pelo Instituto Brasileiro de Geografia e Estat\u00edstica (IBGE).<\/strong><\/p>\n<div id=\"chunk-b1r0u\">\n<div class=\"mc-column content-text active-extra-styles \" data-block-type=\"unstyled\" data-block-weight=\"8\" data-block-id=\"6\">\n<p class=\"content-text__container \" data-track-category=\"Link no Texto\" data-track-links=\"\"><strong>No ranking de popula\u00e7\u00e3o dos munic\u00edpios,\u00a0<a class=\"\" href=\"https:\/\/g1.globo.com\/ba\/bahia\/cidade\/itambe-ba\/\">Itamb\u00e9<\/a> est\u00e1 na 128\u00aa coloca\u00e7\u00e3o no estado, na 459\u00aa coloca\u00e7\u00e3o na regi\u00e3o Nordeste e na 1397\u00aa coloca\u00e7\u00e3o no Brasil.<\/strong><\/p>\n<\/div>\n<\/div>\n","protected":false},"excerpt":{"rendered":"<p>A popula\u00e7\u00e3o da cidade de\u00a0Itamb\u00e9 (BA)\u00a0chegou a 24.394 pessoas no Censo de 2022, o que representa uma queda de -4,15% em compara\u00e7\u00e3o com o Censo de 2010. Os resultados foram divulgados nesta quarta-feira (28) pelo Instituto Brasileiro de Geografia e Estat\u00edstica (IBGE). No ranking de popula\u00e7\u00e3o dos munic\u00edpios,\u00a0Itamb\u00e9 est\u00e1 na 128\u00aa coloca\u00e7\u00e3o no estado, na [&hellip;]<\/p>\n","protected":false},"author":2,"featured_media":110968,"comment_status":"closed","ping_status":"open","sticky":false,"template":"","format":"standard","meta":{"footnotes":"","_links_to":"","_links_to_target":""},"categories":[1],"tags":[],"class_list":["post-110967","post","type-post","status-publish","format-standard","has-post-thumbnail","hentry","category-geral"],"views":976,"_links":{"self":[{"href":"https:\/\/www.sudoestehoje.com.br\/novoportal\/wp-json\/wp\/v2\/posts\/110967","targetHints":{"allow":["GET"]}}],"collection":[{"href":"https:\/\/www.sudoestehoje.com.br\/novoportal\/wp-json\/wp\/v2\/posts"}],"about":[{"href":"https:\/\/www.sudoestehoje.com.br\/novoportal\/wp-json\/wp\/v2\/types\/post"}],"author":[{"embeddable":true,"href":"https:\/\/www.sudoestehoje.com.br\/novoportal\/wp-json\/wp\/v2\/users\/2"}],"replies":[{"embeddable":true,"href":"https:\/\/www.sudoestehoje.com.br\/novoportal\/wp-json\/wp\/v2\/comments?post=110967"}],"version-history":[{"count":1,"href":"https:\/\/www.sudoestehoje.com.br\/novoportal\/wp-json\/wp\/v2\/posts\/110967\/revisions"}],"predecessor-version":[{"id":110969,"href":"https:\/\/www.sudoestehoje.com.br\/novoportal\/wp-json\/wp\/v2\/posts\/110967\/revisions\/110969"}],"wp:featuredmedia":[{"embeddable":true,"href":"https:\/\/www.sudoestehoje.com.br\/novoportal\/wp-json\/wp\/v2\/media\/110968"}],"wp:attachment":[{"href":"https:\/\/www.sudoestehoje.com.br\/novoportal\/wp-json\/wp\/v2\/media?parent=110967"}],"wp:term":[{"taxonomy":"category","embeddable":true,"href":"https:\/\/www.sudoestehoje.com.br\/novoportal\/wp-json\/wp\/v2\/categories?post=110967"},{"taxonomy":"post_tag","embeddable":true,"href":"https:\/\/www.sudoestehoje.com.br\/novoportal\/wp-json\/wp\/v2\/tags?post=110967"}],"curies":[{"name":"wp","href":"https:\/\/api.w.org\/{rel}","templated":true}]}}