
{"id":110963,"date":"2023-06-28T22:11:24","date_gmt":"2023-06-29T01:11:24","guid":{"rendered":"https:\/\/www.sudoestehoje.com.br\/novoportal\/?p=110963"},"modified":"2023-06-28T22:11:24","modified_gmt":"2023-06-29T01:11:24","slug":"ibge-populacao-de-ibicui-tem-queda-de-104-em-relacao-ao-censo-de-2010","status":"publish","type":"post","link":"https:\/\/www.sudoestehoje.com.br\/novoportal\/2023\/06\/28\/ibge-populacao-de-ibicui-tem-queda-de-104-em-relacao-ao-censo-de-2010\/","title":{"rendered":"IBGE | POPULA\u00c7\u00c3O DE IBICU\u00cd TEM QUEDA DE -10,4% EM RELA\u00c7\u00c3O AO CENSO DE 2010"},"content":{"rendered":"<p><a href=\"https:\/\/www.sudoestehoje.com.br\/novoportal\/wp-content\/uploads\/2023\/06\/02ee0478-4c35-4a3e-8c4b-2106ff3d35dc.jpe\"><img loading=\"lazy\" decoding=\"async\" class=\"aligncenter  wp-image-110965\" src=\"https:\/\/www.sudoestehoje.com.br\/novoportal\/wp-content\/uploads\/2023\/06\/02ee0478-4c35-4a3e-8c4b-2106ff3d35dc-600x338.jpe\" alt=\"\" width=\"550\" height=\"310\" srcset=\"https:\/\/www.sudoestehoje.com.br\/novoportal\/wp-content\/uploads\/2023\/06\/02ee0478-4c35-4a3e-8c4b-2106ff3d35dc-600x338.jpe 600w, https:\/\/www.sudoestehoje.com.br\/novoportal\/wp-content\/uploads\/2023\/06\/02ee0478-4c35-4a3e-8c4b-2106ff3d35dc-700x394.jpe 700w, https:\/\/www.sudoestehoje.com.br\/novoportal\/wp-content\/uploads\/2023\/06\/02ee0478-4c35-4a3e-8c4b-2106ff3d35dc-768x432.jpe 768w, https:\/\/www.sudoestehoje.com.br\/novoportal\/wp-content\/uploads\/2023\/06\/02ee0478-4c35-4a3e-8c4b-2106ff3d35dc.jpe 1280w\" sizes=\"auto, (max-width: 550px) 100vw, 550px\" \/><\/a><\/p>\n<p><strong>A popula\u00e7\u00e3o da cidade de Ibicu\u00ed (BA) chegou a 13.934 pessoas no Censo de 2022, o que representa uma queda de -10,4% em compara\u00e7\u00e3o com o Censo de 2010. Os resultados foram divulgados nesta quarta-feira (28) pelo Instituto Brasileiro de Geografia e Estat\u00edstica (IBGE).<\/strong><\/p>\n<div id=\"chunk-b1r0u\">\n<div class=\"mc-column content-text active-extra-styles \" data-block-type=\"unstyled\" data-block-weight=\"8\" data-block-id=\"6\">\n<p class=\"content-text__container \" data-track-category=\"Link no Texto\" data-track-links=\"\"><strong>No ranking de popula\u00e7\u00e3o dos munic\u00edpios, Ibicu\u00ed est\u00e1 na 250\u00aa coloca\u00e7\u00e3o no estado, na 872\u00aa coloca\u00e7\u00e3o na regi\u00e3o Nordeste e na 2.342\u00aa coloca\u00e7\u00e3o no Brasil.<\/strong><\/p>\n<\/div>\n<\/div>\n","protected":false},"excerpt":{"rendered":"<p>A popula\u00e7\u00e3o da cidade de Ibicu\u00ed (BA) chegou a 13.934 pessoas no Censo de 2022, o que representa uma queda de -10,4% em compara\u00e7\u00e3o com o Censo de 2010. Os resultados foram divulgados nesta quarta-feira (28) pelo Instituto Brasileiro de Geografia e Estat\u00edstica (IBGE). No ranking de popula\u00e7\u00e3o dos munic\u00edpios, Ibicu\u00ed est\u00e1 na 250\u00aa coloca\u00e7\u00e3o [&hellip;]<\/p>\n","protected":false},"author":2,"featured_media":110965,"comment_status":"closed","ping_status":"open","sticky":false,"template":"","format":"standard","meta":{"footnotes":"","_links_to":"","_links_to_target":""},"categories":[1],"tags":[],"class_list":["post-110963","post","type-post","status-publish","format-standard","has-post-thumbnail","hentry","category-geral"],"views":922,"_links":{"self":[{"href":"https:\/\/www.sudoestehoje.com.br\/novoportal\/wp-json\/wp\/v2\/posts\/110963","targetHints":{"allow":["GET"]}}],"collection":[{"href":"https:\/\/www.sudoestehoje.com.br\/novoportal\/wp-json\/wp\/v2\/posts"}],"about":[{"href":"https:\/\/www.sudoestehoje.com.br\/novoportal\/wp-json\/wp\/v2\/types\/post"}],"author":[{"embeddable":true,"href":"https:\/\/www.sudoestehoje.com.br\/novoportal\/wp-json\/wp\/v2\/users\/2"}],"replies":[{"embeddable":true,"href":"https:\/\/www.sudoestehoje.com.br\/novoportal\/wp-json\/wp\/v2\/comments?post=110963"}],"version-history":[{"count":2,"href":"https:\/\/www.sudoestehoje.com.br\/novoportal\/wp-json\/wp\/v2\/posts\/110963\/revisions"}],"predecessor-version":[{"id":110966,"href":"https:\/\/www.sudoestehoje.com.br\/novoportal\/wp-json\/wp\/v2\/posts\/110963\/revisions\/110966"}],"wp:featuredmedia":[{"embeddable":true,"href":"https:\/\/www.sudoestehoje.com.br\/novoportal\/wp-json\/wp\/v2\/media\/110965"}],"wp:attachment":[{"href":"https:\/\/www.sudoestehoje.com.br\/novoportal\/wp-json\/wp\/v2\/media?parent=110963"}],"wp:term":[{"taxonomy":"category","embeddable":true,"href":"https:\/\/www.sudoestehoje.com.br\/novoportal\/wp-json\/wp\/v2\/categories?post=110963"},{"taxonomy":"post_tag","embeddable":true,"href":"https:\/\/www.sudoestehoje.com.br\/novoportal\/wp-json\/wp\/v2\/tags?post=110963"}],"curies":[{"name":"wp","href":"https:\/\/api.w.org\/{rel}","templated":true}]}}