
{"id":110956,"date":"2023-06-28T21:48:06","date_gmt":"2023-06-29T00:48:06","guid":{"rendered":"https:\/\/www.sudoestehoje.com.br\/novoportal\/?p=110956"},"modified":"2023-06-28T21:48:38","modified_gmt":"2023-06-29T00:48:38","slug":"ibge-itarantim-tem-queda-populacional-de-739-em-relacao-ao-censo-de-2010","status":"publish","type":"post","link":"https:\/\/www.sudoestehoje.com.br\/novoportal\/2023\/06\/28\/ibge-itarantim-tem-queda-populacional-de-739-em-relacao-ao-censo-de-2010\/","title":{"rendered":"IBGE | ITARANTIM TEM QUEDA POPULACIONAL DE -7,39% EM RELA\u00c7\u00c3O AO CENSO DE 2010"},"content":{"rendered":"<p><a href=\"https:\/\/www.sudoestehoje.com.br\/novoportal\/wp-content\/uploads\/2023\/06\/Itarantim.jpg\"><img loading=\"lazy\" decoding=\"async\" class=\"aligncenter wp-image-110957\" src=\"https:\/\/www.sudoestehoje.com.br\/novoportal\/wp-content\/uploads\/2023\/06\/Itarantim-600x375.jpg\" alt=\"\" width=\"549\" height=\"343\" srcset=\"https:\/\/www.sudoestehoje.com.br\/novoportal\/wp-content\/uploads\/2023\/06\/Itarantim-600x375.jpg 600w, https:\/\/www.sudoestehoje.com.br\/novoportal\/wp-content\/uploads\/2023\/06\/Itarantim-700x438.jpg 700w, https:\/\/www.sudoestehoje.com.br\/novoportal\/wp-content\/uploads\/2023\/06\/Itarantim-768x480.jpg 768w, https:\/\/www.sudoestehoje.com.br\/novoportal\/wp-content\/uploads\/2023\/06\/Itarantim.jpg 800w\" sizes=\"auto, (max-width: 549px) 100vw, 549px\" \/><\/a><\/p>\n<p><strong>A popula\u00e7\u00e3o da cidade de Itarantim (BA) chegou a 17.052 pessoas no Censo de 2022, o que representa uma queda de -7,39% em compara\u00e7\u00e3o com o Censo de 2010. Os resultados foram divulgados nesta quarta-feira (28) pelo Instituto Brasileiro de Geografia e Estat\u00edstica (IBGE).<\/strong><\/p>\n<div id=\"chunk-b1r0u\">\n<div class=\"mc-column content-text active-extra-styles \" data-block-type=\"unstyled\" data-block-weight=\"8\" data-block-id=\"6\">\n<p class=\"content-text__container \" data-track-category=\"Link no Texto\" data-track-links=\"\"><strong>No ranking de popula\u00e7\u00e3o dos munic\u00edpios, Itarantim est\u00e1 na 203\u00aa coloca\u00e7\u00e3o no estado, na 736\u00aa coloca\u00e7\u00e3o na regi\u00e3o Nordeste e na 2.023\u00aa coloca\u00e7\u00e3o no Brasil.<\/strong><\/p>\n<\/div>\n<\/div>\n","protected":false},"excerpt":{"rendered":"<p>A popula\u00e7\u00e3o da cidade de Itarantim (BA) chegou a 17.052 pessoas no Censo de 2022, o que representa uma queda de -7,39% em compara\u00e7\u00e3o com o Censo de 2010. Os resultados foram divulgados nesta quarta-feira (28) pelo Instituto Brasileiro de Geografia e Estat\u00edstica (IBGE). No ranking de popula\u00e7\u00e3o dos munic\u00edpios, Itarantim est\u00e1 na 203\u00aa coloca\u00e7\u00e3o [&hellip;]<\/p>\n","protected":false},"author":2,"featured_media":110957,"comment_status":"closed","ping_status":"open","sticky":false,"template":"","format":"standard","meta":{"footnotes":"","_links_to":"","_links_to_target":""},"categories":[1],"tags":[],"class_list":["post-110956","post","type-post","status-publish","format-standard","has-post-thumbnail","hentry","category-geral"],"views":963,"_links":{"self":[{"href":"https:\/\/www.sudoestehoje.com.br\/novoportal\/wp-json\/wp\/v2\/posts\/110956","targetHints":{"allow":["GET"]}}],"collection":[{"href":"https:\/\/www.sudoestehoje.com.br\/novoportal\/wp-json\/wp\/v2\/posts"}],"about":[{"href":"https:\/\/www.sudoestehoje.com.br\/novoportal\/wp-json\/wp\/v2\/types\/post"}],"author":[{"embeddable":true,"href":"https:\/\/www.sudoestehoje.com.br\/novoportal\/wp-json\/wp\/v2\/users\/2"}],"replies":[{"embeddable":true,"href":"https:\/\/www.sudoestehoje.com.br\/novoportal\/wp-json\/wp\/v2\/comments?post=110956"}],"version-history":[{"count":2,"href":"https:\/\/www.sudoestehoje.com.br\/novoportal\/wp-json\/wp\/v2\/posts\/110956\/revisions"}],"predecessor-version":[{"id":110959,"href":"https:\/\/www.sudoestehoje.com.br\/novoportal\/wp-json\/wp\/v2\/posts\/110956\/revisions\/110959"}],"wp:featuredmedia":[{"embeddable":true,"href":"https:\/\/www.sudoestehoje.com.br\/novoportal\/wp-json\/wp\/v2\/media\/110957"}],"wp:attachment":[{"href":"https:\/\/www.sudoestehoje.com.br\/novoportal\/wp-json\/wp\/v2\/media?parent=110956"}],"wp:term":[{"taxonomy":"category","embeddable":true,"href":"https:\/\/www.sudoestehoje.com.br\/novoportal\/wp-json\/wp\/v2\/categories?post=110956"},{"taxonomy":"post_tag","embeddable":true,"href":"https:\/\/www.sudoestehoje.com.br\/novoportal\/wp-json\/wp\/v2\/tags?post=110956"}],"curies":[{"name":"wp","href":"https:\/\/api.w.org\/{rel}","templated":true}]}}