
{"id":110952,"date":"2023-06-28T21:41:46","date_gmt":"2023-06-29T00:41:46","guid":{"rendered":"https:\/\/www.sudoestehoje.com.br\/novoportal\/?p=110952"},"modified":"2023-06-28T21:41:46","modified_gmt":"2023-06-29T00:41:46","slug":"ibge-itororo-teve-queda-populacional-de-1656-em-relacao-ao-censo-de-2010","status":"publish","type":"post","link":"https:\/\/www.sudoestehoje.com.br\/novoportal\/2023\/06\/28\/ibge-itororo-teve-queda-populacional-de-1656-em-relacao-ao-censo-de-2010\/","title":{"rendered":"IBGE | ITOROR\u00d3 TEVE QUEDA POPULACIONAL DE -16,56% EM RELA\u00c7\u00c3O AO CENSO DE 2010"},"content":{"rendered":"<p><a href=\"https:\/\/www.sudoestehoje.com.br\/novoportal\/wp-content\/uploads\/2023\/06\/Captura-de-Tela-2021-10-28-as-16.10.18.png\"><img loading=\"lazy\" decoding=\"async\" class=\"aligncenter  wp-image-110954\" src=\"https:\/\/www.sudoestehoje.com.br\/novoportal\/wp-content\/uploads\/2023\/06\/Captura-de-Tela-2021-10-28-as-16.10.18-600x285.png\" alt=\"\" width=\"549\" height=\"261\" srcset=\"https:\/\/www.sudoestehoje.com.br\/novoportal\/wp-content\/uploads\/2023\/06\/Captura-de-Tela-2021-10-28-as-16.10.18-600x285.png 600w, https:\/\/www.sudoestehoje.com.br\/novoportal\/wp-content\/uploads\/2023\/06\/Captura-de-Tela-2021-10-28-as-16.10.18-700x332.png 700w, https:\/\/www.sudoestehoje.com.br\/novoportal\/wp-content\/uploads\/2023\/06\/Captura-de-Tela-2021-10-28-as-16.10.18-768x364.png 768w, https:\/\/www.sudoestehoje.com.br\/novoportal\/wp-content\/uploads\/2023\/06\/Captura-de-Tela-2021-10-28-as-16.10.18.png 900w\" sizes=\"auto, (max-width: 549px) 100vw, 549px\" \/><\/a><\/p>\n<p><strong>A popula\u00e7\u00e3o da cidade de Itoror\u00f3 (BA) chegou a 16.617 pessoas no Censo de 2022, o que representa uma queda de -16,56% em compara\u00e7\u00e3o com o Censo de 2010. Os resultados foram divulgados nesta quarta-feira (28) pelo Instituto Brasileiro de Geografia e Estat\u00edstica (IBGE).<\/strong><\/p>\n<div id=\"chunk-b1r0u\">\n<div class=\"mc-column content-text active-extra-styles \" data-block-type=\"unstyled\" data-block-weight=\"8\" data-block-id=\"6\">\n<p class=\"content-text__container \" data-track-category=\"Link no Texto\" data-track-links=\"\"><strong>No ranking de popula\u00e7\u00e3o dos munic\u00edpios, Itoror\u00f3 est\u00e1 na 206\u00aa coloca\u00e7\u00e3o no estado, na 754\u00aa coloca\u00e7\u00e3o na regi\u00e3o Nordeste, e na 2.059\u00aa coloca\u00e7\u00e3o no Brasil.<\/strong><\/p>\n<\/div>\n<\/div>\n","protected":false},"excerpt":{"rendered":"<p>A popula\u00e7\u00e3o da cidade de Itoror\u00f3 (BA) chegou a 16.617 pessoas no Censo de 2022, o que representa uma queda de -16,56% em compara\u00e7\u00e3o com o Censo de 2010. Os resultados foram divulgados nesta quarta-feira (28) pelo Instituto Brasileiro de Geografia e Estat\u00edstica (IBGE). No ranking de popula\u00e7\u00e3o dos munic\u00edpios, Itoror\u00f3 est\u00e1 na 206\u00aa coloca\u00e7\u00e3o [&hellip;]<\/p>\n","protected":false},"author":2,"featured_media":110954,"comment_status":"closed","ping_status":"open","sticky":false,"template":"","format":"standard","meta":{"footnotes":"","_links_to":"","_links_to_target":""},"categories":[1],"tags":[],"class_list":["post-110952","post","type-post","status-publish","format-standard","has-post-thumbnail","hentry","category-geral"],"views":1069,"_links":{"self":[{"href":"https:\/\/www.sudoestehoje.com.br\/novoportal\/wp-json\/wp\/v2\/posts\/110952","targetHints":{"allow":["GET"]}}],"collection":[{"href":"https:\/\/www.sudoestehoje.com.br\/novoportal\/wp-json\/wp\/v2\/posts"}],"about":[{"href":"https:\/\/www.sudoestehoje.com.br\/novoportal\/wp-json\/wp\/v2\/types\/post"}],"author":[{"embeddable":true,"href":"https:\/\/www.sudoestehoje.com.br\/novoportal\/wp-json\/wp\/v2\/users\/2"}],"replies":[{"embeddable":true,"href":"https:\/\/www.sudoestehoje.com.br\/novoportal\/wp-json\/wp\/v2\/comments?post=110952"}],"version-history":[{"count":2,"href":"https:\/\/www.sudoestehoje.com.br\/novoportal\/wp-json\/wp\/v2\/posts\/110952\/revisions"}],"predecessor-version":[{"id":110955,"href":"https:\/\/www.sudoestehoje.com.br\/novoportal\/wp-json\/wp\/v2\/posts\/110952\/revisions\/110955"}],"wp:featuredmedia":[{"embeddable":true,"href":"https:\/\/www.sudoestehoje.com.br\/novoportal\/wp-json\/wp\/v2\/media\/110954"}],"wp:attachment":[{"href":"https:\/\/www.sudoestehoje.com.br\/novoportal\/wp-json\/wp\/v2\/media?parent=110952"}],"wp:term":[{"taxonomy":"category","embeddable":true,"href":"https:\/\/www.sudoestehoje.com.br\/novoportal\/wp-json\/wp\/v2\/categories?post=110952"},{"taxonomy":"post_tag","embeddable":true,"href":"https:\/\/www.sudoestehoje.com.br\/novoportal\/wp-json\/wp\/v2\/tags?post=110952"}],"curies":[{"name":"wp","href":"https:\/\/api.w.org\/{rel}","templated":true}]}}