
{"id":110945,"date":"2023-06-28T21:31:57","date_gmt":"2023-06-29T00:31:57","guid":{"rendered":"https:\/\/www.sudoestehoje.com.br\/novoportal\/?p=110945"},"modified":"2023-06-28T21:31:57","modified_gmt":"2023-06-29T00:31:57","slug":"ibge-populacao-de-macarani-cresceu-2796-em-relacao-ao-censo-de-2010","status":"publish","type":"post","link":"https:\/\/www.sudoestehoje.com.br\/novoportal\/2023\/06\/28\/ibge-populacao-de-macarani-cresceu-2796-em-relacao-ao-censo-de-2010\/","title":{"rendered":"IBGE | POPULA\u00c7\u00c3O DE MACARANI CRESCEU 27,96% EM RELA\u00c7\u00c3O AO CENSO DE 2010"},"content":{"rendered":"<p><a href=\"https:\/\/www.sudoestehoje.com.br\/novoportal\/wp-content\/uploads\/2023\/06\/macarani-e1443645131183-1000x530-1.jpg\"><img loading=\"lazy\" decoding=\"async\" class=\"aligncenter  wp-image-110946\" src=\"https:\/\/www.sudoestehoje.com.br\/novoportal\/wp-content\/uploads\/2023\/06\/macarani-e1443645131183-1000x530-1-600x318.jpg\" alt=\"\" width=\"549\" height=\"291\" srcset=\"https:\/\/www.sudoestehoje.com.br\/novoportal\/wp-content\/uploads\/2023\/06\/macarani-e1443645131183-1000x530-1-600x318.jpg 600w, https:\/\/www.sudoestehoje.com.br\/novoportal\/wp-content\/uploads\/2023\/06\/macarani-e1443645131183-1000x530-1-700x371.jpg 700w, https:\/\/www.sudoestehoje.com.br\/novoportal\/wp-content\/uploads\/2023\/06\/macarani-e1443645131183-1000x530-1-768x407.jpg 768w, https:\/\/www.sudoestehoje.com.br\/novoportal\/wp-content\/uploads\/2023\/06\/macarani-e1443645131183-1000x530-1.jpg 1000w\" sizes=\"auto, (max-width: 549px) 100vw, 549px\" \/><\/a><\/p>\n<p><strong>A popula\u00e7\u00e3o da cidade de Macarani (BA) chegou a 21.599 pessoas no Censo de 2022, o que representa um aumento de 27,96% em compara\u00e7\u00e3o com o Censo de 2010. Os resultados foram divulgados nesta quarta-feira (28) pelo Instituto Brasileiro de Geografia e Estat\u00edstica (IBGE).<\/strong><\/p>\n<div id=\"chunk-b1r0u\">\n<div class=\"mc-column content-text active-extra-styles \" data-block-type=\"unstyled\" data-block-weight=\"8\" data-block-id=\"6\">\n<p class=\"content-text__container \" data-track-category=\"Link no Texto\" data-track-links=\"\"><strong>No ranking de popula\u00e7\u00e3o dos munic\u00edpios, Macarani est\u00e1 <\/strong><strong>na 143\u00aa coloca\u00e7\u00e3o no estado; <\/strong><strong>na 542\u00aa coloca\u00e7\u00e3o na regi\u00e3o Nordeste; <\/strong><strong>e na 1.591\u00aa coloca\u00e7\u00e3o no Brasil.<\/strong><\/p>\n<\/div>\n<\/div>\n","protected":false},"excerpt":{"rendered":"<p>A popula\u00e7\u00e3o da cidade de Macarani (BA) chegou a 21.599 pessoas no Censo de 2022, o que representa um aumento de 27,96% em compara\u00e7\u00e3o com o Censo de 2010. Os resultados foram divulgados nesta quarta-feira (28) pelo Instituto Brasileiro de Geografia e Estat\u00edstica (IBGE). No ranking de popula\u00e7\u00e3o dos munic\u00edpios, Macarani est\u00e1 na 143\u00aa coloca\u00e7\u00e3o [&hellip;]<\/p>\n","protected":false},"author":2,"featured_media":110946,"comment_status":"closed","ping_status":"open","sticky":false,"template":"","format":"standard","meta":{"footnotes":"","_links_to":"","_links_to_target":""},"categories":[1],"tags":[],"class_list":["post-110945","post","type-post","status-publish","format-standard","has-post-thumbnail","hentry","category-geral"],"views":1042,"_links":{"self":[{"href":"https:\/\/www.sudoestehoje.com.br\/novoportal\/wp-json\/wp\/v2\/posts\/110945","targetHints":{"allow":["GET"]}}],"collection":[{"href":"https:\/\/www.sudoestehoje.com.br\/novoportal\/wp-json\/wp\/v2\/posts"}],"about":[{"href":"https:\/\/www.sudoestehoje.com.br\/novoportal\/wp-json\/wp\/v2\/types\/post"}],"author":[{"embeddable":true,"href":"https:\/\/www.sudoestehoje.com.br\/novoportal\/wp-json\/wp\/v2\/users\/2"}],"replies":[{"embeddable":true,"href":"https:\/\/www.sudoestehoje.com.br\/novoportal\/wp-json\/wp\/v2\/comments?post=110945"}],"version-history":[{"count":5,"href":"https:\/\/www.sudoestehoje.com.br\/novoportal\/wp-json\/wp\/v2\/posts\/110945\/revisions"}],"predecessor-version":[{"id":110951,"href":"https:\/\/www.sudoestehoje.com.br\/novoportal\/wp-json\/wp\/v2\/posts\/110945\/revisions\/110951"}],"wp:featuredmedia":[{"embeddable":true,"href":"https:\/\/www.sudoestehoje.com.br\/novoportal\/wp-json\/wp\/v2\/media\/110946"}],"wp:attachment":[{"href":"https:\/\/www.sudoestehoje.com.br\/novoportal\/wp-json\/wp\/v2\/media?parent=110945"}],"wp:term":[{"taxonomy":"category","embeddable":true,"href":"https:\/\/www.sudoestehoje.com.br\/novoportal\/wp-json\/wp\/v2\/categories?post=110945"},{"taxonomy":"post_tag","embeddable":true,"href":"https:\/\/www.sudoestehoje.com.br\/novoportal\/wp-json\/wp\/v2\/tags?post=110945"}],"curies":[{"name":"wp","href":"https:\/\/api.w.org\/{rel}","templated":true}]}}