
{"id":110937,"date":"2023-06-28T16:46:00","date_gmt":"2023-06-28T19:46:00","guid":{"rendered":"https:\/\/www.sudoestehoje.com.br\/novoportal\/?p=110937"},"modified":"2023-06-28T17:06:23","modified_gmt":"2023-06-28T20:06:23","slug":"censo-deficiente-do-ibge-mostra-queda-populacional-em-itapetinga-e-cidades-da-regiao-sudoeste-hoje-alertou","status":"publish","type":"post","link":"https:\/\/www.sudoestehoje.com.br\/novoportal\/2023\/06\/28\/censo-deficiente-do-ibge-mostra-queda-populacional-em-itapetinga-e-cidades-da-regiao-sudoeste-hoje-alertou\/","title":{"rendered":"CENSO DEFICIENTE DO IBGE MOSTRA QUEDA POPULACIONAL EM ITAPETINGA E CIDADES DA REGI\u00c3O; SUDOESTE HOJE ALERTOU"},"content":{"rendered":"<p><a href=\"https:\/\/www.sudoestehoje.com.br\/novoportal\/wp-content\/uploads\/2023\/06\/DSC_1216-scaled-1.jpg\"><img loading=\"lazy\" decoding=\"async\" class=\"aligncenter wp-image-110940\" src=\"https:\/\/www.sudoestehoje.com.br\/novoportal\/wp-content\/uploads\/2023\/06\/DSC_1216-scaled-1-600x400.jpg\" alt=\"\" width=\"551\" height=\"367\" srcset=\"https:\/\/www.sudoestehoje.com.br\/novoportal\/wp-content\/uploads\/2023\/06\/DSC_1216-scaled-1-600x400.jpg 600w, https:\/\/www.sudoestehoje.com.br\/novoportal\/wp-content\/uploads\/2023\/06\/DSC_1216-scaled-1-700x467.jpg 700w, https:\/\/www.sudoestehoje.com.br\/novoportal\/wp-content\/uploads\/2023\/06\/DSC_1216-scaled-1-768x512.jpg 768w, https:\/\/www.sudoestehoje.com.br\/novoportal\/wp-content\/uploads\/2023\/06\/DSC_1216-scaled-1-1536x1024.jpg 1536w, https:\/\/www.sudoestehoje.com.br\/novoportal\/wp-content\/uploads\/2023\/06\/DSC_1216-scaled-1-2048x1366.jpg 2048w\" sizes=\"auto, (max-width: 551px) 100vw, 551px\" \/><\/a><\/p>\n<p><strong>Em outubro do ano passado (2022), o site Sudoeste Hoje trouxe uma mat\u00e9ria (<a href=\"https:\/\/www.sudoestehoje.com.br\/novoportal\/2022\/10\/10\/censo-do-ibge-em-itapetinga-anda-a-passos-lentos-segundo-moradores\/\">RELEMBRE AQUI <\/a>) alertando para a defici\u00eancia do IBGE na realiza\u00e7\u00e3o do Censo Demogr\u00e1fico em Itapetinga, o que ensejou uma reuni\u00e3o entre o poder executivo municipal e representantes do \u00f3rg\u00e3o de estat\u00edstica, para tratar do assunto.<\/strong><\/p>\n<p><strong>Nas primeira pr\u00e9via divulgada no final de dezembro, j\u00e1 que o recenceamento n\u00e3o havia sido conclu\u00eddo dentro do prazo, veio a primeira bomba, com uma queda absurda e inexplic\u00e1vel da popula\u00e7\u00e3o do munic\u00edpio, que de 77 mil habitantes, passou para pouco mais de 65 mil, rebaixando os \u00edndices utilizados pelo Tesouro Nacional para repasses do FPM, principal fonte de renda do munic\u00edpio. Houve perdas irrepar\u00e1veis.<\/strong><\/p>\n<p><strong>Diante dessa perda populacional injustific\u00e1vel, o munic\u00edpio de Itapetinga, dentre outros, ingressou na Justi\u00e7a Federal para preservar os antigos \u00edndices de repasses do FPM, conseguindo liminar, mas, mesmo assim, a decis\u00e3o da justi\u00e7a n\u00e3o foi acatada pelo governo federal.<\/strong><\/p>\n<p><strong>Com a divulga\u00e7\u00e3o final dos resultados, realizada hoje pelo IBGE, n\u00e3o houve qualquer altera\u00e7\u00e3o em rela\u00e7\u00e3o \u00e0 pr\u00e9via do final do ano passado, ficando o munic\u00edpio de Itapetinga dom uma popula\u00e7\u00e3o de apenas 65.897 habitantes.<\/strong><\/p>\n<p><strong>Coincidentemente, os demais munic\u00edpios do M\u00e9dio Sudoeste tamb\u00e9m tiveram perdas populacionais importantes. Veja tabela abaixo:<\/strong><\/p>\n<p><strong><a href=\"https:\/\/www.sudoestehoje.com.br\/novoportal\/wp-content\/uploads\/2023\/06\/Tabela-2.1-Populacao-residente-Area-territorial-e-Densidade-demografica-Municipios-2022.pdf\">Tabela Popula\u00e7\u00e3o Munic\u00edpios Baianos &#8211; Censo 2022<\/a><\/strong><\/p>\n<p><strong>Por Davi Ferraz<\/strong><\/p>\n","protected":false},"excerpt":{"rendered":"<p>Em outubro do ano passado (2022), o site Sudoeste Hoje trouxe uma mat\u00e9ria (RELEMBRE AQUI ) alertando para a defici\u00eancia do IBGE na realiza\u00e7\u00e3o do Censo Demogr\u00e1fico em Itapetinga, o que ensejou uma reuni\u00e3o entre o poder executivo municipal e representantes do \u00f3rg\u00e3o de estat\u00edstica, para tratar do assunto. Nas primeira pr\u00e9via divulgada no final [&hellip;]<\/p>\n","protected":false},"author":2,"featured_media":110940,"comment_status":"closed","ping_status":"open","sticky":false,"template":"","format":"standard","meta":{"footnotes":"","_links_to":"","_links_to_target":""},"categories":[1],"tags":[],"class_list":["post-110937","post","type-post","status-publish","format-standard","has-post-thumbnail","hentry","category-geral"],"views":941,"_links":{"self":[{"href":"https:\/\/www.sudoestehoje.com.br\/novoportal\/wp-json\/wp\/v2\/posts\/110937","targetHints":{"allow":["GET"]}}],"collection":[{"href":"https:\/\/www.sudoestehoje.com.br\/novoportal\/wp-json\/wp\/v2\/posts"}],"about":[{"href":"https:\/\/www.sudoestehoje.com.br\/novoportal\/wp-json\/wp\/v2\/types\/post"}],"author":[{"embeddable":true,"href":"https:\/\/www.sudoestehoje.com.br\/novoportal\/wp-json\/wp\/v2\/users\/2"}],"replies":[{"embeddable":true,"href":"https:\/\/www.sudoestehoje.com.br\/novoportal\/wp-json\/wp\/v2\/comments?post=110937"}],"version-history":[{"count":4,"href":"https:\/\/www.sudoestehoje.com.br\/novoportal\/wp-json\/wp\/v2\/posts\/110937\/revisions"}],"predecessor-version":[{"id":110943,"href":"https:\/\/www.sudoestehoje.com.br\/novoportal\/wp-json\/wp\/v2\/posts\/110937\/revisions\/110943"}],"wp:featuredmedia":[{"embeddable":true,"href":"https:\/\/www.sudoestehoje.com.br\/novoportal\/wp-json\/wp\/v2\/media\/110940"}],"wp:attachment":[{"href":"https:\/\/www.sudoestehoje.com.br\/novoportal\/wp-json\/wp\/v2\/media?parent=110937"}],"wp:term":[{"taxonomy":"category","embeddable":true,"href":"https:\/\/www.sudoestehoje.com.br\/novoportal\/wp-json\/wp\/v2\/categories?post=110937"},{"taxonomy":"post_tag","embeddable":true,"href":"https:\/\/www.sudoestehoje.com.br\/novoportal\/wp-json\/wp\/v2\/tags?post=110937"}],"curies":[{"name":"wp","href":"https:\/\/api.w.org\/{rel}","templated":true}]}}