
{"id":110933,"date":"2023-06-28T11:03:57","date_gmt":"2023-06-28T14:03:57","guid":{"rendered":"https:\/\/www.sudoestehoje.com.br\/novoportal\/?p=110933"},"modified":"2023-06-28T11:03:57","modified_gmt":"2023-06-28T14:03:57","slug":"selecao-de-itapetinga-e-convocada-para-disputar-o-intermunicipal-2023","status":"publish","type":"post","link":"https:\/\/www.sudoestehoje.com.br\/novoportal\/2023\/06\/28\/selecao-de-itapetinga-e-convocada-para-disputar-o-intermunicipal-2023\/","title":{"rendered":"SELE\u00c7\u00c3O DE ITAPETINGA \u00c9 CONVOCADA PARA DISPUTAR O INTERMUNICIPAL 2023"},"content":{"rendered":"<p><a href=\"https:\/\/www.sudoestehoje.com.br\/novoportal\/wp-content\/uploads\/2023\/06\/WhatsApp-Image-2023-06-28-at-10.38.32-1-990x661-1.jpeg\"><img loading=\"lazy\" decoding=\"async\" class=\"aligncenter  wp-image-110934\" src=\"https:\/\/www.sudoestehoje.com.br\/novoportal\/wp-content\/uploads\/2023\/06\/WhatsApp-Image-2023-06-28-at-10.38.32-1-990x661-1-600x401.jpeg\" alt=\"\" width=\"551\" height=\"368\" srcset=\"https:\/\/www.sudoestehoje.com.br\/novoportal\/wp-content\/uploads\/2023\/06\/WhatsApp-Image-2023-06-28-at-10.38.32-1-990x661-1-600x401.jpeg 600w, https:\/\/www.sudoestehoje.com.br\/novoportal\/wp-content\/uploads\/2023\/06\/WhatsApp-Image-2023-06-28-at-10.38.32-1-990x661-1-700x467.jpeg 700w, https:\/\/www.sudoestehoje.com.br\/novoportal\/wp-content\/uploads\/2023\/06\/WhatsApp-Image-2023-06-28-at-10.38.32-1-990x661-1-768x513.jpeg 768w, https:\/\/www.sudoestehoje.com.br\/novoportal\/wp-content\/uploads\/2023\/06\/WhatsApp-Image-2023-06-28-at-10.38.32-1-990x661-1.jpeg 990w\" sizes=\"auto, (max-width: 551px) 100vw, 551px\" \/><\/a><\/p>\n<p><strong><em>Ascom<\/em><\/strong><\/p>\n<p><strong>Est\u00e1 definida a equipe que buscar\u00e1 o tricampeonato no Intermunicipal 2023. Em uma cerim\u00f4nia que reuniu a imprensa, autoridades locais e parte da torcida, a LADI apresentou os convocados a defender a Sele\u00e7\u00e3o de Itapetinga.<\/strong><\/p>\n<p><strong>No Est\u00e1dio Primaver\u00e3o, na tarde desta ter\u00e7a-feira, 24 nomes foram apresentados. Em suas falas, secret\u00e1rios municipais declaram apoio ao grupo, desejaram sorte e disseram acreditar no potencial da equipe formada. \u201cO apoio da prefeitura \u00e9 de extrema import\u00e2ncia para dar todo o suporte que nosso time precisa para conquistar o j\u00e1 t\u00e3o esperado tricampeonato. N\u00f3s sabemos da import\u00e2ncia do fomento ao esporte, conhecemos o potencial de cada jogador e acreditamos que podemos voltar a levar o nome de Itapetinga ao topo tamb\u00e9m no que diz respeito ao futebol\u201d, afirmou o presidente da Ladi, Cloves Silva.<\/strong><\/p>\n<p><strong>Tamb\u00e9m presentes na cerim\u00f4nia de convoca\u00e7\u00e3o, representantes da torcida Fan\u00e1tica afirmam que estar\u00e3o junto com o time a cada jogo, impulsionando e apoiando, confiando no potencial do grupo para vencer o campeonato.<\/strong><\/p>\n<p><strong>O Intermunicipal come\u00e7a no pr\u00f3ximo dia 30 de julho. Nesta quarta, a equipe passa por avalia\u00e7\u00e3o m\u00e9dica e j\u00e1 inicia os treinos.<\/strong><\/p>\n<p><strong>\u201cTemos formada, aqui, uma equipe forte capaz de trazer o t\u00edtulo para casa. A partir do dia 30, Itapetinga vai se juntar a esse grupo, acreditando na conquista do tri\u201d, afirmou o secret\u00e1rio de esporte, Jailson Santana.<\/strong><\/p>\n<p><strong><em>Conhe\u00e7a a sele\u00e7\u00e3o de Itapetinga:<\/em><\/strong><\/p>\n<p><strong>Goleiros<\/strong><\/p>\n<p><strong>Alisson ( Madre de Deus )<\/strong><br \/>\n<strong>Ripa ( Itamb\u00e9)<\/strong><br \/>\n<strong>Henrique ( Itapetinga)<\/strong><\/p>\n<p><strong>Laterais<\/strong><\/p>\n<p><strong>Juninho ( Itapetinga)<\/strong><br \/>\n<strong>Robertinho ( Itapetinga)<\/strong><br \/>\n<strong>Lucas Pinho ( Santa Luz)<\/strong><br \/>\n<strong>Vitinho ( Santo Amaro)<\/strong><\/p>\n<p><strong>Zagueiros<\/strong><\/p>\n<p><strong>Java ( Ilh\u00e9us)<\/strong><br \/>\n<strong>Julinho ( Itapetinga<\/strong><br \/>\n<strong>Ryan ( Itapetinga)<\/strong><br \/>\n<strong>Felipe Jr ( Jaguaquara)<\/strong><\/p>\n<p><strong>Meio Campo<\/strong><\/p>\n<p><strong>Rafa ( Itapetinga)<\/strong><br \/>\n<strong>Mateus ( Itapetinga)<\/strong><br \/>\n<strong>Diego Porto ( Porto Seguro)<\/strong><br \/>\n<strong>Robinho ( Ipia\u00fa)<\/strong><br \/>\n<strong>Ig\u00e3o ( Camamu)<\/strong><br \/>\n<strong>Rainan ( Itamb\u00e9)<\/strong><br \/>\n<strong>Nino ( Itapetinga)<\/strong><\/p>\n<p><strong>Atacantes<\/strong><\/p>\n<p><strong>Naian ( Itoror\u00f3)<\/strong><br \/>\n<strong>Elvis Coreano ( Cip\u00f3)<\/strong><br \/>\n<strong>Vanderson ( Salvador )<\/strong><br \/>\n<strong>Kaka ( Itapetinga)<\/strong><br \/>\n<strong>\u00cctalo ( Itapetinga )<\/strong><br \/>\n<strong>Yuri ( Rui Barbosa )<\/strong><\/p>\n<p><strong>Comiss\u00e3o T\u00e9cnica<\/strong><\/p>\n<p><strong>Marcelo Bui\u00fa \u2013 T\u00e9cnico ( Itapetinga)<\/strong><br \/>\n<strong>Luciano \u2013 Lu- auxiliar T\u00e9cnico ( Itapetinga)<\/strong><br \/>\n<strong>Professor Neca- Preparador f\u00edsico ( Itapetinga)<\/strong><br \/>\n<strong>Professor Esdras Correia \u2013 Preparador F\u00edsico ( Itapetinga)<\/strong><br \/>\n<strong>Nego Bi- Preparador de Goleiros ( Itapetinga)<\/strong><br \/>\n<strong>Renan Ferraz \u2013 Fisioterapeuta ( Itapetinga)<\/strong><br \/>\n<strong>Airton Alves \u2013 massagista ( Itamb\u00e9)<\/strong><br \/>\n<strong>Araponga \u2013 mordomo ( Itapetinga)<\/strong><br \/>\n<strong>Fl\u00e1vio Silva \u2013 Mordomo ( Itapetinga)<\/strong><br \/>\n<strong>Coqueirinho \u2013 Mordomo ( Itapetinga)<\/strong><br \/>\n<strong>Wagner Samurai- supervisor da Casa do Atleta ( Itapetinga)<\/strong><br \/>\n<strong>Enio Oliveira \u2013 Diretor T\u00e9cnico ( Itapetinga)<\/strong><br \/>\n<strong>Adilton Matos- Diretor de log\u00edstica ( Itapetinga)<\/strong><\/p>\n","protected":false},"excerpt":{"rendered":"<p>Ascom Est\u00e1 definida a equipe que buscar\u00e1 o tricampeonato no Intermunicipal 2023. Em uma cerim\u00f4nia que reuniu a imprensa, autoridades locais e parte da torcida, a LADI apresentou os convocados a defender a Sele\u00e7\u00e3o de Itapetinga. No Est\u00e1dio Primaver\u00e3o, na tarde desta ter\u00e7a-feira, 24 nomes foram apresentados. Em suas falas, secret\u00e1rios municipais declaram apoio ao [&hellip;]<\/p>\n","protected":false},"author":2,"featured_media":110934,"comment_status":"closed","ping_status":"open","sticky":false,"template":"","format":"standard","meta":{"footnotes":"","_links_to":"","_links_to_target":""},"categories":[1],"tags":[],"class_list":["post-110933","post","type-post","status-publish","format-standard","has-post-thumbnail","hentry","category-geral"],"views":1067,"_links":{"self":[{"href":"https:\/\/www.sudoestehoje.com.br\/novoportal\/wp-json\/wp\/v2\/posts\/110933","targetHints":{"allow":["GET"]}}],"collection":[{"href":"https:\/\/www.sudoestehoje.com.br\/novoportal\/wp-json\/wp\/v2\/posts"}],"about":[{"href":"https:\/\/www.sudoestehoje.com.br\/novoportal\/wp-json\/wp\/v2\/types\/post"}],"author":[{"embeddable":true,"href":"https:\/\/www.sudoestehoje.com.br\/novoportal\/wp-json\/wp\/v2\/users\/2"}],"replies":[{"embeddable":true,"href":"https:\/\/www.sudoestehoje.com.br\/novoportal\/wp-json\/wp\/v2\/comments?post=110933"}],"version-history":[{"count":2,"href":"https:\/\/www.sudoestehoje.com.br\/novoportal\/wp-json\/wp\/v2\/posts\/110933\/revisions"}],"predecessor-version":[{"id":110936,"href":"https:\/\/www.sudoestehoje.com.br\/novoportal\/wp-json\/wp\/v2\/posts\/110933\/revisions\/110936"}],"wp:featuredmedia":[{"embeddable":true,"href":"https:\/\/www.sudoestehoje.com.br\/novoportal\/wp-json\/wp\/v2\/media\/110934"}],"wp:attachment":[{"href":"https:\/\/www.sudoestehoje.com.br\/novoportal\/wp-json\/wp\/v2\/media?parent=110933"}],"wp:term":[{"taxonomy":"category","embeddable":true,"href":"https:\/\/www.sudoestehoje.com.br\/novoportal\/wp-json\/wp\/v2\/categories?post=110933"},{"taxonomy":"post_tag","embeddable":true,"href":"https:\/\/www.sudoestehoje.com.br\/novoportal\/wp-json\/wp\/v2\/tags?post=110933"}],"curies":[{"name":"wp","href":"https:\/\/api.w.org\/{rel}","templated":true}]}}