
{"id":110929,"date":"2023-06-28T09:09:31","date_gmt":"2023-06-28T12:09:31","guid":{"rendered":"https:\/\/www.sudoestehoje.com.br\/novoportal\/?p=110929"},"modified":"2023-06-28T09:09:31","modified_gmt":"2023-06-28T12:09:31","slug":"economia-volkswagen-suspende-producao-de-carros-no-brasil","status":"publish","type":"post","link":"https:\/\/www.sudoestehoje.com.br\/novoportal\/2023\/06\/28\/economia-volkswagen-suspende-producao-de-carros-no-brasil\/","title":{"rendered":"ECONOMIA | VOLKSWAGEN SUSPENDE PRODU\u00c7\u00c3O DE CARROS NO BRASIL"},"content":{"rendered":"<p><a href=\"https:\/\/www.sudoestehoje.com.br\/novoportal\/wp-content\/uploads\/2023\/06\/4c83244f-7d83-4616-98d8-7c3e86673e55.webp\"><img loading=\"lazy\" decoding=\"async\" class=\"aligncenter  wp-image-110930\" src=\"https:\/\/www.sudoestehoje.com.br\/novoportal\/wp-content\/uploads\/2023\/06\/4c83244f-7d83-4616-98d8-7c3e86673e55-600x338.webp\" alt=\"\" width=\"550\" height=\"310\" srcset=\"https:\/\/www.sudoestehoje.com.br\/novoportal\/wp-content\/uploads\/2023\/06\/4c83244f-7d83-4616-98d8-7c3e86673e55-600x338.webp 600w, https:\/\/www.sudoestehoje.com.br\/novoportal\/wp-content\/uploads\/2023\/06\/4c83244f-7d83-4616-98d8-7c3e86673e55-700x394.webp 700w, https:\/\/www.sudoestehoje.com.br\/novoportal\/wp-content\/uploads\/2023\/06\/4c83244f-7d83-4616-98d8-7c3e86673e55-768x432.webp 768w, https:\/\/www.sudoestehoje.com.br\/novoportal\/wp-content\/uploads\/2023\/06\/4c83244f-7d83-4616-98d8-7c3e86673e55.webp 924w\" sizes=\"auto, (max-width: 550px) 100vw, 550px\" \/><\/a><\/p>\n<p><strong>A empresa Volkswagen afirmou nesta ter\u00e7a-feira (27), que vai parar temporariamente a produ\u00e7\u00e3o de autom\u00f3veis na f\u00e1brica de S\u00e3o Jos\u00e9 dos Pinhais (PR), S\u00e3o Bernardo do Campo e Taubat\u00e9 (SP), por conta da estagna\u00e7\u00e3o do mercado automotivo.<\/strong><\/p>\n<p><strong>Segundo o Folha de S\u00e3o Paulo, os dados do Renavam (Registro Nacional de Ve\u00edculos Automotores), mostram que a m\u00e9dia at\u00e9 dia 19 de junho \u00e9 de 6.285 unidades de carros vendidos por dia. O n\u00famero, que inclui ve\u00edculos leves e pesados, indica uma diminui\u00e7\u00e3o de 20,4;5 na compara\u00e7\u00e3o com o mesmo per\u00edodo de maio.<\/strong><\/p>\n<p><strong>A Volkswagen disse que a f\u00e1brica de S\u00e3o Jos\u00e9 dos Pinhais, onde \u00e9 produzido o T-Cross, est\u00e1 com um turno em layoff desde 5 de junho, com dura\u00e7\u00e3o prevista entre dois e cinco meses. O outro turno estar\u00e1 parado entre esta segunda-feira (26) e sexta-feira (30), em regime de banco de horas.<\/strong><\/p>\n<p><strong>J\u00e1 na unidade de Taubat\u00e9, onde s\u00e3o fabricados o Polo Track e o Novo Polo, os dois turnos de produ\u00e7\u00e3o estar\u00e3o interrompidos durante esta semana, tamb\u00e9m em regime de banco de horas.<\/strong><\/p>\n","protected":false},"excerpt":{"rendered":"<p>A empresa Volkswagen afirmou nesta ter\u00e7a-feira (27), que vai parar temporariamente a produ\u00e7\u00e3o de autom\u00f3veis na f\u00e1brica de S\u00e3o Jos\u00e9 dos Pinhais (PR), S\u00e3o Bernardo do Campo e Taubat\u00e9 (SP), por conta da estagna\u00e7\u00e3o do mercado automotivo. Segundo o Folha de S\u00e3o Paulo, os dados do Renavam (Registro Nacional de Ve\u00edculos Automotores), mostram que a [&hellip;]<\/p>\n","protected":false},"author":2,"featured_media":110930,"comment_status":"closed","ping_status":"open","sticky":false,"template":"","format":"standard","meta":{"footnotes":"","_links_to":"","_links_to_target":""},"categories":[1],"tags":[],"class_list":["post-110929","post","type-post","status-publish","format-standard","has-post-thumbnail","hentry","category-geral"],"views":569,"_links":{"self":[{"href":"https:\/\/www.sudoestehoje.com.br\/novoportal\/wp-json\/wp\/v2\/posts\/110929","targetHints":{"allow":["GET"]}}],"collection":[{"href":"https:\/\/www.sudoestehoje.com.br\/novoportal\/wp-json\/wp\/v2\/posts"}],"about":[{"href":"https:\/\/www.sudoestehoje.com.br\/novoportal\/wp-json\/wp\/v2\/types\/post"}],"author":[{"embeddable":true,"href":"https:\/\/www.sudoestehoje.com.br\/novoportal\/wp-json\/wp\/v2\/users\/2"}],"replies":[{"embeddable":true,"href":"https:\/\/www.sudoestehoje.com.br\/novoportal\/wp-json\/wp\/v2\/comments?post=110929"}],"version-history":[{"count":2,"href":"https:\/\/www.sudoestehoje.com.br\/novoportal\/wp-json\/wp\/v2\/posts\/110929\/revisions"}],"predecessor-version":[{"id":110932,"href":"https:\/\/www.sudoestehoje.com.br\/novoportal\/wp-json\/wp\/v2\/posts\/110929\/revisions\/110932"}],"wp:featuredmedia":[{"embeddable":true,"href":"https:\/\/www.sudoestehoje.com.br\/novoportal\/wp-json\/wp\/v2\/media\/110930"}],"wp:attachment":[{"href":"https:\/\/www.sudoestehoje.com.br\/novoportal\/wp-json\/wp\/v2\/media?parent=110929"}],"wp:term":[{"taxonomy":"category","embeddable":true,"href":"https:\/\/www.sudoestehoje.com.br\/novoportal\/wp-json\/wp\/v2\/categories?post=110929"},{"taxonomy":"post_tag","embeddable":true,"href":"https:\/\/www.sudoestehoje.com.br\/novoportal\/wp-json\/wp\/v2\/tags?post=110929"}],"curies":[{"name":"wp","href":"https:\/\/api.w.org\/{rel}","templated":true}]}}