
{"id":11091,"date":"2011-12-12T18:16:50","date_gmt":"2011-12-12T21:16:50","guid":{"rendered":"http:\/\/www.sudoestehoje.com.br\/novoportal\/?p=11091"},"modified":"2011-12-12T18:21:04","modified_gmt":"2011-12-12T21:21:04","slug":"selecao-de-sao-francisco-do-conde-e-campea-do-intermunicipal","status":"publish","type":"post","link":"https:\/\/www.sudoestehoje.com.br\/novoportal\/2011\/12\/12\/selecao-de-sao-francisco-do-conde-e-campea-do-intermunicipal\/","title":{"rendered":"SELE\u00c7\u00c3O DE S\u00c3O FRANCISCO DO CONDE \u00c9 CAMPE\u00c3 DO INTERMUNICIPAL"},"content":{"rendered":"<p style=\"text-align: center;\"><img decoding=\"async\" class=\"aligncenter\" src=\"http:\/\/www.fbfweb.org\/ckfinder\/userfiles\/images\/11.jpg\" alt=\"\" width=\"500\" \/><\/p>\n<p>S\u00c3O FRANCISCO DO CONDE: A festa foi completa em S\u00e3o Francisco do Conde na tarde deste domingo (11). Diante de um grande p\u00fablico no Est\u00e1dio Junqueira Ayres, a Sele\u00e7\u00e3o local goleou Santaluz por 4 a 0 e faturou o Campeonato Intermunicipal 2011.<\/p>\n<p>Mostrando superioridade em campo, a equipe do S\u00e3o Francisco soube jogar com a for\u00e7a da torcida para conquistar seu primeiro t\u00edtulo na hist\u00f3ria da competi\u00e7\u00e3o. No jogo de ida, em Santaluz, no dia 4, os campe\u00f5es j\u00e1 haviam vencido por 2 a 0.<\/p>\n<p style=\"text-align: center;\"><img loading=\"lazy\" decoding=\"async\" class=\"aligncenter\" src=\"http:\/\/www.fbfweb.org\/ckfinder\/userfiles\/images\/12.jpg\" alt=\"\" width=\"500\" height=\"333\" \/><\/p>\n<p style=\"text-align: center;\"><strong><em>Rosemberg Pinto (PT) comemorou a vit\u00f3ria ao lado da prefeita Rilza Valentim<\/em><\/strong><\/p>\n<p>Ao final da partida, a Federa\u00e7\u00e3o Bahiana de Futebol (FBF) deu seguimento \u00e0 festa com a grande premia\u00e7\u00e3o. Homenageado do campeonato com seu nome no trof\u00e9u, o compositor baiano Nelson Rufino fez a entrega da ta\u00e7a aos vencedores.<\/p>\n<p>Marcaram presen\u00e7a na decis\u00e3o o presidente da FBF, Ednaldo Rodrigues, o vice-presidente Manfredo Lessa, diretora t\u00e9cnica da entidade, Ta\u00edse Galv\u00e3o, o presidente da CEAF\/BA, Wilson Paim entre outras personalidades. A prefeita de S\u00e3o Francisco do Conde, Rilza Valentin, acompanhou de perto a partida e fez a festa com a popula\u00e7\u00e3o do munic\u00edpio.<\/p>\n<p><em><strong>Federa\u00e7\u00e3o Baiana de Futebol<\/strong><\/em><\/p>\n","protected":false},"excerpt":{"rendered":"<p>S\u00c3O FRANCISCO DO CONDE: A festa foi completa em S\u00e3o Francisco do Conde na tarde deste domingo (11). Diante de um grande p\u00fablico no Est\u00e1dio Junqueira Ayres, a Sele\u00e7\u00e3o local goleou Santaluz por 4 a 0 e faturou o Campeonato Intermunicipal 2011. Mostrando superioridade em campo, a equipe do S\u00e3o Francisco soube jogar com a [&hellip;]<\/p>\n","protected":false},"author":2,"featured_media":0,"comment_status":"open","ping_status":"open","sticky":false,"template":"","format":"standard","meta":{"footnotes":"","_links_to":"","_links_to_target":""},"categories":[1],"tags":[],"class_list":["post-11091","post","type-post","status-publish","format-standard","hentry","category-geral"],"views":1958,"_links":{"self":[{"href":"https:\/\/www.sudoestehoje.com.br\/novoportal\/wp-json\/wp\/v2\/posts\/11091","targetHints":{"allow":["GET"]}}],"collection":[{"href":"https:\/\/www.sudoestehoje.com.br\/novoportal\/wp-json\/wp\/v2\/posts"}],"about":[{"href":"https:\/\/www.sudoestehoje.com.br\/novoportal\/wp-json\/wp\/v2\/types\/post"}],"author":[{"embeddable":true,"href":"https:\/\/www.sudoestehoje.com.br\/novoportal\/wp-json\/wp\/v2\/users\/2"}],"replies":[{"embeddable":true,"href":"https:\/\/www.sudoestehoje.com.br\/novoportal\/wp-json\/wp\/v2\/comments?post=11091"}],"version-history":[{"count":6,"href":"https:\/\/www.sudoestehoje.com.br\/novoportal\/wp-json\/wp\/v2\/posts\/11091\/revisions"}],"predecessor-version":[{"id":11095,"href":"https:\/\/www.sudoestehoje.com.br\/novoportal\/wp-json\/wp\/v2\/posts\/11091\/revisions\/11095"}],"wp:attachment":[{"href":"https:\/\/www.sudoestehoje.com.br\/novoportal\/wp-json\/wp\/v2\/media?parent=11091"}],"wp:term":[{"taxonomy":"category","embeddable":true,"href":"https:\/\/www.sudoestehoje.com.br\/novoportal\/wp-json\/wp\/v2\/categories?post=11091"},{"taxonomy":"post_tag","embeddable":true,"href":"https:\/\/www.sudoestehoje.com.br\/novoportal\/wp-json\/wp\/v2\/tags?post=11091"}],"curies":[{"name":"wp","href":"https:\/\/api.w.org\/{rel}","templated":true}]}}