
{"id":110837,"date":"2023-06-26T19:22:21","date_gmt":"2023-06-26T22:22:21","guid":{"rendered":"https:\/\/www.sudoestehoje.com.br\/novoportal\/?p=110837"},"modified":"2023-06-26T19:24:06","modified_gmt":"2023-06-26T22:24:06","slug":"brasil-preco-da-gasolina-e-do-etanol-vai-subir-a-partir-do-proximo-sabado","status":"publish","type":"post","link":"https:\/\/www.sudoestehoje.com.br\/novoportal\/2023\/06\/26\/brasil-preco-da-gasolina-e-do-etanol-vai-subir-a-partir-do-proximo-sabado\/","title":{"rendered":"BRASIL | PRE\u00c7OS DA GASOLINA E DO ETANOL V\u00c3O SUBIR A PARTIR DO PR\u00d3XIMO S\u00c1BADO"},"content":{"rendered":"<p><a href=\"https:\/\/www.sudoestehoje.com.br\/novoportal\/wp-content\/uploads\/2023\/06\/cdfa17a0-ef8a-4ab0-9c20-3f918702938c.jpg\"><img loading=\"lazy\" decoding=\"async\" class=\"aligncenter wp-image-110840\" src=\"https:\/\/www.sudoestehoje.com.br\/novoportal\/wp-content\/uploads\/2023\/06\/cdfa17a0-ef8a-4ab0-9c20-3f918702938c-600x338.jpg\" alt=\"\" width=\"549\" height=\"309\" srcset=\"https:\/\/www.sudoestehoje.com.br\/novoportal\/wp-content\/uploads\/2023\/06\/cdfa17a0-ef8a-4ab0-9c20-3f918702938c-600x338.jpg 600w, https:\/\/www.sudoestehoje.com.br\/novoportal\/wp-content\/uploads\/2023\/06\/cdfa17a0-ef8a-4ab0-9c20-3f918702938c-700x394.jpg 700w, https:\/\/www.sudoestehoje.com.br\/novoportal\/wp-content\/uploads\/2023\/06\/cdfa17a0-ef8a-4ab0-9c20-3f918702938c-768x432.jpg 768w, https:\/\/www.sudoestehoje.com.br\/novoportal\/wp-content\/uploads\/2023\/06\/cdfa17a0-ef8a-4ab0-9c20-3f918702938c-1536x865.jpg 1536w, https:\/\/www.sudoestehoje.com.br\/novoportal\/wp-content\/uploads\/2023\/06\/cdfa17a0-ef8a-4ab0-9c20-3f918702938c.jpg 1600w\" sizes=\"auto, (max-width: 549px) 100vw, 549px\" \/><\/a><\/p>\n<p><strong>A partir do pr\u00f3ximo s\u00e1bado (1), o governo federal voltar\u00e1 a cobrar a al\u00edquota integral dos tributos federais da gasolina e do etanol. Com a mudan\u00e7a, o pre\u00e7o do litro de ambos os combust\u00edveis aumentar\u00e1 R$ 0,22.<\/strong><\/p>\n<p><strong>Na semana passada, a Petrobras havia anunciado redu\u00e7\u00e3o de R$ 0,13 por litro de gasolina para as distribuidoras. Por\u00e9m, com a volta dos impostos federais mais altos por litro, o efeito dessa redu\u00e7\u00e3o ser\u00e1 eliminado.<\/strong><\/p>\n<p><strong>O pre\u00e7o da gasolina j\u00e1 havia aumentado R$ 0,21 por litro na semana de 4 a 10 de junho devido a uma mudan\u00e7a na forma de recolhimento do ICMS (Imposto Estadual sobre Circula\u00e7\u00e3o de Mercadorias e Servi\u00e7os). Nessa \u00e9poca, o imposto passou a ser cobrado com base em uma taxa fixa por litro.<\/strong><\/p>\n","protected":false},"excerpt":{"rendered":"<p>A partir do pr\u00f3ximo s\u00e1bado (1), o governo federal voltar\u00e1 a cobrar a al\u00edquota integral dos tributos federais da gasolina e do etanol. Com a mudan\u00e7a, o pre\u00e7o do litro de ambos os combust\u00edveis aumentar\u00e1 R$ 0,22. Na semana passada, a Petrobras havia anunciado redu\u00e7\u00e3o de R$ 0,13 por litro de gasolina para as distribuidoras. [&hellip;]<\/p>\n","protected":false},"author":2,"featured_media":110840,"comment_status":"closed","ping_status":"open","sticky":false,"template":"","format":"standard","meta":{"footnotes":"","_links_to":"","_links_to_target":""},"categories":[1],"tags":[],"class_list":["post-110837","post","type-post","status-publish","format-standard","has-post-thumbnail","hentry","category-geral"],"views":676,"_links":{"self":[{"href":"https:\/\/www.sudoestehoje.com.br\/novoportal\/wp-json\/wp\/v2\/posts\/110837","targetHints":{"allow":["GET"]}}],"collection":[{"href":"https:\/\/www.sudoestehoje.com.br\/novoportal\/wp-json\/wp\/v2\/posts"}],"about":[{"href":"https:\/\/www.sudoestehoje.com.br\/novoportal\/wp-json\/wp\/v2\/types\/post"}],"author":[{"embeddable":true,"href":"https:\/\/www.sudoestehoje.com.br\/novoportal\/wp-json\/wp\/v2\/users\/2"}],"replies":[{"embeddable":true,"href":"https:\/\/www.sudoestehoje.com.br\/novoportal\/wp-json\/wp\/v2\/comments?post=110837"}],"version-history":[{"count":4,"href":"https:\/\/www.sudoestehoje.com.br\/novoportal\/wp-json\/wp\/v2\/posts\/110837\/revisions"}],"predecessor-version":[{"id":110842,"href":"https:\/\/www.sudoestehoje.com.br\/novoportal\/wp-json\/wp\/v2\/posts\/110837\/revisions\/110842"}],"wp:featuredmedia":[{"embeddable":true,"href":"https:\/\/www.sudoestehoje.com.br\/novoportal\/wp-json\/wp\/v2\/media\/110840"}],"wp:attachment":[{"href":"https:\/\/www.sudoestehoje.com.br\/novoportal\/wp-json\/wp\/v2\/media?parent=110837"}],"wp:term":[{"taxonomy":"category","embeddable":true,"href":"https:\/\/www.sudoestehoje.com.br\/novoportal\/wp-json\/wp\/v2\/categories?post=110837"},{"taxonomy":"post_tag","embeddable":true,"href":"https:\/\/www.sudoestehoje.com.br\/novoportal\/wp-json\/wp\/v2\/tags?post=110837"}],"curies":[{"name":"wp","href":"https:\/\/api.w.org\/{rel}","templated":true}]}}