
{"id":110822,"date":"2023-06-25T21:39:40","date_gmt":"2023-06-26T00:39:40","guid":{"rendered":"https:\/\/www.sudoestehoje.com.br\/novoportal\/?p=110822"},"modified":"2023-06-25T22:24:20","modified_gmt":"2023-06-26T01:24:20","slug":"com-popularidade-em-alta-rodrigo-hagge-vai-pra-galera-em-festa-de-sao-joao","status":"publish","type":"post","link":"https:\/\/www.sudoestehoje.com.br\/novoportal\/2023\/06\/25\/com-popularidade-em-alta-rodrigo-hagge-vai-pra-galera-em-festa-de-sao-joao\/","title":{"rendered":"COM POPULARIDADE EM ALTA, RODRIGO HAGGE &#8216;VAI PRA GALERA&#8217; EM FESTA DE S\u00c3O JO\u00c3O"},"content":{"rendered":"<p><a href=\"https:\/\/www.sudoestehoje.com.br\/novoportal\/wp-content\/uploads\/2023\/06\/DSC9359-2.jpg\"><img loading=\"lazy\" decoding=\"async\" class=\"aligncenter  wp-image-110832\" src=\"https:\/\/www.sudoestehoje.com.br\/novoportal\/wp-content\/uploads\/2023\/06\/DSC9359-2-600x400.jpg\" alt=\"\" width=\"549\" height=\"366\" srcset=\"https:\/\/www.sudoestehoje.com.br\/novoportal\/wp-content\/uploads\/2023\/06\/DSC9359-2-600x400.jpg 600w, https:\/\/www.sudoestehoje.com.br\/novoportal\/wp-content\/uploads\/2023\/06\/DSC9359-2-700x467.jpg 700w, https:\/\/www.sudoestehoje.com.br\/novoportal\/wp-content\/uploads\/2023\/06\/DSC9359-2-768x512.jpg 768w, https:\/\/www.sudoestehoje.com.br\/novoportal\/wp-content\/uploads\/2023\/06\/DSC9359-2.jpg 1000w\" sizes=\"auto, (max-width: 549px) 100vw, 549px\" \/><\/a><\/p>\n<p><strong>No seu s\u00e9timo ano de governo, o jovem prefeito de Itapetinga, Rodrigo Hagge (MDB), mostra for\u00e7a pol\u00edtica e uma surpreendente popularidade, durante os festejos de S\u00e3o Jo\u00e3o na cidade.\u00a0<\/strong><\/p>\n<p><strong>Na noite da \u00faltima sexta e s\u00e1bado, o prefeito se misturou ao pov\u00e3o durante apresenta\u00e7\u00f5es das bandas, no meio de uma multid\u00e3o de mais de 20 mil pessoas.<\/strong><\/p>\n<p><strong><em>&#8220;Nunca vi isso&#8221;<\/em>, disse uma visitante de Vit\u00f3ria da Conquista, ao Sudoeste Hoje. <em>&#8220;Geralmente, os pol\u00edticos evitam se misturar ao povo, com receio de xingamentos, vaias, cobran\u00e7as e at\u00e9 agress\u00f5es, enquanto o prefeito Rodrigo vai para a galera e \u00e9 aplaudido e exaltado por populares, numa forte demonstra\u00e7\u00e3o de carisma&#8221;<\/em>, concluiu o observador conquistense.<\/strong><\/p>\n<p><strong>Sem advers\u00e1rios \u00e0 altura, o prefeito Rodrigo Hagge tem o comando do processo eleitoral nas suas m\u00e3os e n\u00e3o deve encontrar dificuldades para eleger o seu sucessor e uma bancada majorit\u00e1ria na c\u00e2mara municipal, avaliam os observadores pol\u00edticos locais e estaduais.<\/strong><\/p>\n<p><strong>Por Davi Ferraz<\/strong><\/p>\n","protected":false},"excerpt":{"rendered":"<p>No seu s\u00e9timo ano de governo, o jovem prefeito de Itapetinga, Rodrigo Hagge (MDB), mostra for\u00e7a pol\u00edtica e uma surpreendente popularidade, durante os festejos de S\u00e3o Jo\u00e3o na cidade.\u00a0 Na noite da \u00faltima sexta e s\u00e1bado, o prefeito se misturou ao pov\u00e3o durante apresenta\u00e7\u00f5es das bandas, no meio de uma multid\u00e3o de mais de 20 [&hellip;]<\/p>\n","protected":false},"author":2,"featured_media":110832,"comment_status":"closed","ping_status":"open","sticky":false,"template":"","format":"standard","meta":{"footnotes":"","_links_to":"","_links_to_target":""},"categories":[1],"tags":[],"class_list":["post-110822","post","type-post","status-publish","format-standard","has-post-thumbnail","hentry","category-geral"],"views":1207,"_links":{"self":[{"href":"https:\/\/www.sudoestehoje.com.br\/novoportal\/wp-json\/wp\/v2\/posts\/110822","targetHints":{"allow":["GET"]}}],"collection":[{"href":"https:\/\/www.sudoestehoje.com.br\/novoportal\/wp-json\/wp\/v2\/posts"}],"about":[{"href":"https:\/\/www.sudoestehoje.com.br\/novoportal\/wp-json\/wp\/v2\/types\/post"}],"author":[{"embeddable":true,"href":"https:\/\/www.sudoestehoje.com.br\/novoportal\/wp-json\/wp\/v2\/users\/2"}],"replies":[{"embeddable":true,"href":"https:\/\/www.sudoestehoje.com.br\/novoportal\/wp-json\/wp\/v2\/comments?post=110822"}],"version-history":[{"count":7,"href":"https:\/\/www.sudoestehoje.com.br\/novoportal\/wp-json\/wp\/v2\/posts\/110822\/revisions"}],"predecessor-version":[{"id":110836,"href":"https:\/\/www.sudoestehoje.com.br\/novoportal\/wp-json\/wp\/v2\/posts\/110822\/revisions\/110836"}],"wp:featuredmedia":[{"embeddable":true,"href":"https:\/\/www.sudoestehoje.com.br\/novoportal\/wp-json\/wp\/v2\/media\/110832"}],"wp:attachment":[{"href":"https:\/\/www.sudoestehoje.com.br\/novoportal\/wp-json\/wp\/v2\/media?parent=110822"}],"wp:term":[{"taxonomy":"category","embeddable":true,"href":"https:\/\/www.sudoestehoje.com.br\/novoportal\/wp-json\/wp\/v2\/categories?post=110822"},{"taxonomy":"post_tag","embeddable":true,"href":"https:\/\/www.sudoestehoje.com.br\/novoportal\/wp-json\/wp\/v2\/tags?post=110822"}],"curies":[{"name":"wp","href":"https:\/\/api.w.org\/{rel}","templated":true}]}}