
{"id":110805,"date":"2023-06-25T19:44:50","date_gmt":"2023-06-25T22:44:50","guid":{"rendered":"https:\/\/www.sudoestehoje.com.br\/novoportal\/?p=110805"},"modified":"2023-06-25T19:54:56","modified_gmt":"2023-06-25T22:54:56","slug":"itapetinga-forro-e-arrocha-animaram-o-arraia-da-lagoa-no-3o-dia-de-sao-joao","status":"publish","type":"post","link":"https:\/\/www.sudoestehoje.com.br\/novoportal\/2023\/06\/25\/itapetinga-forro-e-arrocha-animaram-o-arraia-da-lagoa-no-3o-dia-de-sao-joao\/","title":{"rendered":"ITAPETINGA | FORR\u00d3 E ARROCHA ANIMARAM O &#8216;ARRAI\u00c1 DA LAGOA&#8217; NO 3\u00ba DIA DE S\u00c3O JO\u00c3O"},"content":{"rendered":"<p><a href=\"https:\/\/www.sudoestehoje.com.br\/novoportal\/wp-content\/uploads\/2023\/06\/DSC9684.jpg\"><img loading=\"lazy\" decoding=\"async\" class=\"aligncenter wp-image-110810\" src=\"https:\/\/www.sudoestehoje.com.br\/novoportal\/wp-content\/uploads\/2023\/06\/DSC9684-600x400.jpg\" alt=\"\" width=\"551\" height=\"367\" srcset=\"https:\/\/www.sudoestehoje.com.br\/novoportal\/wp-content\/uploads\/2023\/06\/DSC9684-600x400.jpg 600w, https:\/\/www.sudoestehoje.com.br\/novoportal\/wp-content\/uploads\/2023\/06\/DSC9684-700x467.jpg 700w, https:\/\/www.sudoestehoje.com.br\/novoportal\/wp-content\/uploads\/2023\/06\/DSC9684-768x513.jpg 768w, https:\/\/www.sudoestehoje.com.br\/novoportal\/wp-content\/uploads\/2023\/06\/DSC9684-1536x1025.jpg 1536w, https:\/\/www.sudoestehoje.com.br\/novoportal\/wp-content\/uploads\/2023\/06\/DSC9684.jpg 1618w\" sizes=\"auto, (max-width: 551px) 100vw, 551px\" \/><\/a><\/p>\n<p><strong>S\u00e1bado, noite de S\u00e3o Jo\u00e3o, e a festa seguiu linda e animada. A banda itapetinguense D\u2019Lyra abriu os shows com um repert\u00f3rio variado e m\u00fasicas que embalaram o p\u00fablico. As meninas do Boteco das Amigas chegaram para fazer a festa por mais um ano. J\u00e1 conhecido na cidade, o grupo colocou todo mundo para arrochar com m\u00fasicas autorais e aquelas que j\u00e1 s\u00e3o sucesso nacionalmente.<\/strong><\/p>\n<p><strong>O vaqueiro Netinho do Forr\u00f3 chegou em seguida trazendo muito forr\u00f3 e colocando casais para dan\u00e7ar colado.<a href=\"https:\/\/www.sudoestehoje.com.br\/novoportal\/wp-content\/uploads\/2023\/06\/DSC9914.jpg\"><img loading=\"lazy\" decoding=\"async\" class=\"aligncenter  wp-image-110817\" src=\"https:\/\/www.sudoestehoje.com.br\/novoportal\/wp-content\/uploads\/2023\/06\/DSC9914-600x400.jpg\" alt=\"\" width=\"551\" height=\"367\" srcset=\"https:\/\/www.sudoestehoje.com.br\/novoportal\/wp-content\/uploads\/2023\/06\/DSC9914-600x400.jpg 600w, https:\/\/www.sudoestehoje.com.br\/novoportal\/wp-content\/uploads\/2023\/06\/DSC9914-700x467.jpg 700w, https:\/\/www.sudoestehoje.com.br\/novoportal\/wp-content\/uploads\/2023\/06\/DSC9914-768x513.jpg 768w, https:\/\/www.sudoestehoje.com.br\/novoportal\/wp-content\/uploads\/2023\/06\/DSC9914-1536x1025.jpg 1536w, https:\/\/www.sudoestehoje.com.br\/novoportal\/wp-content\/uploads\/2023\/06\/DSC9914.jpg 1618w\" sizes=\"auto, (max-width: 551px) 100vw, 551px\" \/><\/a><\/strong><\/p>\n<p><strong>J\u00e1 era madrugada quando a banda Asas Livres subiu ao palco. A precursora do arrocha na Bahia, criada em 1996, foi respons\u00e1vel por projetar o cantor Pablo e disseminar o ritmo por todo o Brasil. No Parque da Lagoa, fizeram o que j\u00e1 est\u00e3o acostumados: colocaram o p\u00fablico para fazer o passinho que conquistou o pa\u00eds e cantar junto as letras de sofr\u00eancia.<\/strong><\/p>\n<p><strong>Quando parecia que a noite estava chegando ao fim, a banda Pipoco do Trov\u00e3o fez a Lagoa vibrar. Como se a festa estivesse come\u00e7ando, o p\u00fablico pulou e cantou at\u00e9 a \u00faltima m\u00fasica.<\/strong><\/p>\n<p><a href=\"https:\/\/www.sudoestehoje.com.br\/novoportal\/wp-content\/uploads\/2023\/06\/DSC9594.jpg\"><img loading=\"lazy\" decoding=\"async\" class=\"aligncenter  wp-image-110808\" src=\"https:\/\/www.sudoestehoje.com.br\/novoportal\/wp-content\/uploads\/2023\/06\/DSC9594-600x400.jpg\" alt=\"\" width=\"551\" height=\"367\" srcset=\"https:\/\/www.sudoestehoje.com.br\/novoportal\/wp-content\/uploads\/2023\/06\/DSC9594-600x400.jpg 600w, https:\/\/www.sudoestehoje.com.br\/novoportal\/wp-content\/uploads\/2023\/06\/DSC9594-700x467.jpg 700w, https:\/\/www.sudoestehoje.com.br\/novoportal\/wp-content\/uploads\/2023\/06\/DSC9594-768x513.jpg 768w, https:\/\/www.sudoestehoje.com.br\/novoportal\/wp-content\/uploads\/2023\/06\/DSC9594-1536x1025.jpg 1536w, https:\/\/www.sudoestehoje.com.br\/novoportal\/wp-content\/uploads\/2023\/06\/DSC9594.jpg 1618w\" sizes=\"auto, (max-width: 551px) 100vw, 551px\" \/><\/a><\/p>\n<p><strong>Neste domingo ainda teremos mais uma noite de festa. Para encerrar o festejo, estar\u00e3o no Palco da Lagoa, Ju\u00e1 da Bahia, o Rei do Pizeiro, Julio Cardozo, Mano Valter e Boyzinho. <em>\/\/Ascom<\/em><\/strong><\/p>\n\n\t\t<style type=\"text\/css\">\n\t\t\t#gallery-1 {\n\t\t\t\tmargin: auto;\n\t\t\t}\n\t\t\t#gallery-1 .gallery-item {\n\t\t\t\tfloat: left;\n\t\t\t\tmargin-top: 10px;\n\t\t\t\ttext-align: center;\n\t\t\t\twidth: 33%;\n\t\t\t}\n\t\t\t#gallery-1 img {\n\t\t\t\tborder: 2px solid #cfcfcf;\n\t\t\t}\n\t\t\t#gallery-1 .gallery-caption {\n\t\t\t\tmargin-left: 0;\n\t\t\t}\n\t\t\t\/* see gallery_shortcode() in wp-includes\/media.php *\/\n\t\t<\/style>\n\t\t<div id='gallery-1' class='gallery galleryid-110805 gallery-columns-3 gallery-size-thumbnail'><dl class='gallery-item'>\n\t\t\t<dt class='gallery-icon landscape'>\n\t\t\t\t<a href='https:\/\/www.sudoestehoje.com.br\/novoportal\/2023\/06\/25\/itapetinga-forro-e-arrocha-animaram-o-arraia-da-lagoa-no-3o-dia-de-sao-joao\/dsc9630-2\/'><img loading=\"lazy\" decoding=\"async\" width=\"150\" height=\"150\" src=\"https:\/\/www.sudoestehoje.com.br\/novoportal\/wp-content\/uploads\/2023\/06\/DSC9630-1-150x150.jpg\" class=\"attachment-thumbnail size-thumbnail\" alt=\"\" \/><\/a>\n\t\t\t<\/dt><\/dl><dl class='gallery-item'>\n\t\t\t<dt class='gallery-icon landscape'>\n\t\t\t\t<a href='https:\/\/www.sudoestehoje.com.br\/novoportal\/2023\/06\/25\/itapetinga-forro-e-arrocha-animaram-o-arraia-da-lagoa-no-3o-dia-de-sao-joao\/dsc9884\/'><img loading=\"lazy\" decoding=\"async\" width=\"150\" height=\"150\" src=\"https:\/\/www.sudoestehoje.com.br\/novoportal\/wp-content\/uploads\/2023\/06\/DSC9884-150x150.jpg\" class=\"attachment-thumbnail size-thumbnail\" alt=\"\" \/><\/a>\n\t\t\t<\/dt><\/dl><dl class='gallery-item'>\n\t\t\t<dt class='gallery-icon landscape'>\n\t\t\t\t<a href='https:\/\/www.sudoestehoje.com.br\/novoportal\/2023\/06\/25\/itapetinga-forro-e-arrocha-animaram-o-arraia-da-lagoa-no-3o-dia-de-sao-joao\/dsc9736\/'><img loading=\"lazy\" decoding=\"async\" width=\"150\" height=\"150\" src=\"https:\/\/www.sudoestehoje.com.br\/novoportal\/wp-content\/uploads\/2023\/06\/DSC9736-150x150.jpg\" class=\"attachment-thumbnail size-thumbnail\" alt=\"\" \/><\/a>\n\t\t\t<\/dt><\/dl><br style=\"clear: both\" \/><dl class='gallery-item'>\n\t\t\t<dt class='gallery-icon landscape'>\n\t\t\t\t<a href='https:\/\/www.sudoestehoje.com.br\/novoportal\/2023\/06\/25\/itapetinga-forro-e-arrocha-animaram-o-arraia-da-lagoa-no-3o-dia-de-sao-joao\/dsc9359\/'><img loading=\"lazy\" decoding=\"async\" width=\"150\" height=\"150\" src=\"https:\/\/www.sudoestehoje.com.br\/novoportal\/wp-content\/uploads\/2023\/06\/DSC9359-150x150.jpg\" class=\"attachment-thumbnail size-thumbnail\" alt=\"\" \/><\/a>\n\t\t\t<\/dt><\/dl><dl class='gallery-item'>\n\t\t\t<dt class='gallery-icon landscape'>\n\t\t\t\t<a href='https:\/\/www.sudoestehoje.com.br\/novoportal\/2023\/06\/25\/itapetinga-forro-e-arrocha-animaram-o-arraia-da-lagoa-no-3o-dia-de-sao-joao\/dsc9684\/'><img loading=\"lazy\" decoding=\"async\" width=\"150\" height=\"150\" src=\"https:\/\/www.sudoestehoje.com.br\/novoportal\/wp-content\/uploads\/2023\/06\/DSC9684-150x150.jpg\" class=\"attachment-thumbnail size-thumbnail\" alt=\"\" \/><\/a>\n\t\t\t<\/dt><\/dl><dl class='gallery-item'>\n\t\t\t<dt class='gallery-icon landscape'>\n\t\t\t\t<a href='https:\/\/www.sudoestehoje.com.br\/novoportal\/2023\/06\/25\/itapetinga-forro-e-arrocha-animaram-o-arraia-da-lagoa-no-3o-dia-de-sao-joao\/dsc9693\/'><img loading=\"lazy\" decoding=\"async\" width=\"150\" height=\"150\" src=\"https:\/\/www.sudoestehoje.com.br\/novoportal\/wp-content\/uploads\/2023\/06\/DSC9693-150x150.jpg\" class=\"attachment-thumbnail size-thumbnail\" alt=\"\" \/><\/a>\n\t\t\t<\/dt><\/dl><br style=\"clear: both\" \/><dl class='gallery-item'>\n\t\t\t<dt class='gallery-icon landscape'>\n\t\t\t\t<a href='https:\/\/www.sudoestehoje.com.br\/novoportal\/2023\/06\/25\/itapetinga-forro-e-arrocha-animaram-o-arraia-da-lagoa-no-3o-dia-de-sao-joao\/dsc9702-1\/'><img loading=\"lazy\" decoding=\"async\" width=\"150\" height=\"150\" src=\"https:\/\/www.sudoestehoje.com.br\/novoportal\/wp-content\/uploads\/2023\/06\/DSC9702-1-150x150.jpg\" class=\"attachment-thumbnail size-thumbnail\" alt=\"\" \/><\/a>\n\t\t\t<\/dt><\/dl><dl class='gallery-item'>\n\t\t\t<dt class='gallery-icon landscape'>\n\t\t\t\t<a href='https:\/\/www.sudoestehoje.com.br\/novoportal\/2023\/06\/25\/itapetinga-forro-e-arrocha-animaram-o-arraia-da-lagoa-no-3o-dia-de-sao-joao\/dsc9594\/'><img loading=\"lazy\" decoding=\"async\" width=\"150\" height=\"150\" src=\"https:\/\/www.sudoestehoje.com.br\/novoportal\/wp-content\/uploads\/2023\/06\/DSC9594-150x150.jpg\" class=\"attachment-thumbnail size-thumbnail\" alt=\"\" \/><\/a>\n\t\t\t<\/dt><\/dl><dl class='gallery-item'>\n\t\t\t<dt class='gallery-icon landscape'>\n\t\t\t\t<a href='https:\/\/www.sudoestehoje.com.br\/novoportal\/2023\/06\/25\/itapetinga-forro-e-arrocha-animaram-o-arraia-da-lagoa-no-3o-dia-de-sao-joao\/dsc9914\/'><img loading=\"lazy\" decoding=\"async\" width=\"150\" height=\"150\" src=\"https:\/\/www.sudoestehoje.com.br\/novoportal\/wp-content\/uploads\/2023\/06\/DSC9914-150x150.jpg\" class=\"attachment-thumbnail size-thumbnail\" alt=\"\" \/><\/a>\n\t\t\t<\/dt><\/dl><br style=\"clear: both\" \/>\n\t\t<\/div>\n\n","protected":false},"excerpt":{"rendered":"<p>S\u00e1bado, noite de S\u00e3o Jo\u00e3o, e a festa seguiu linda e animada. A banda itapetinguense D\u2019Lyra abriu os shows com um repert\u00f3rio variado e m\u00fasicas que embalaram o p\u00fablico. As meninas do Boteco das Amigas chegaram para fazer a festa por mais um ano. J\u00e1 conhecido na cidade, o grupo colocou todo mundo para arrochar [&hellip;]<\/p>\n","protected":false},"author":2,"featured_media":110810,"comment_status":"closed","ping_status":"open","sticky":false,"template":"","format":"standard","meta":{"footnotes":"","_links_to":"","_links_to_target":""},"categories":[1],"tags":[],"class_list":["post-110805","post","type-post","status-publish","format-standard","has-post-thumbnail","hentry","category-geral"],"views":1237,"_links":{"self":[{"href":"https:\/\/www.sudoestehoje.com.br\/novoportal\/wp-json\/wp\/v2\/posts\/110805","targetHints":{"allow":["GET"]}}],"collection":[{"href":"https:\/\/www.sudoestehoje.com.br\/novoportal\/wp-json\/wp\/v2\/posts"}],"about":[{"href":"https:\/\/www.sudoestehoje.com.br\/novoportal\/wp-json\/wp\/v2\/types\/post"}],"author":[{"embeddable":true,"href":"https:\/\/www.sudoestehoje.com.br\/novoportal\/wp-json\/wp\/v2\/users\/2"}],"replies":[{"embeddable":true,"href":"https:\/\/www.sudoestehoje.com.br\/novoportal\/wp-json\/wp\/v2\/comments?post=110805"}],"version-history":[{"count":4,"href":"https:\/\/www.sudoestehoje.com.br\/novoportal\/wp-json\/wp\/v2\/posts\/110805\/revisions"}],"predecessor-version":[{"id":110821,"href":"https:\/\/www.sudoestehoje.com.br\/novoportal\/wp-json\/wp\/v2\/posts\/110805\/revisions\/110821"}],"wp:featuredmedia":[{"embeddable":true,"href":"https:\/\/www.sudoestehoje.com.br\/novoportal\/wp-json\/wp\/v2\/media\/110810"}],"wp:attachment":[{"href":"https:\/\/www.sudoestehoje.com.br\/novoportal\/wp-json\/wp\/v2\/media?parent=110805"}],"wp:term":[{"taxonomy":"category","embeddable":true,"href":"https:\/\/www.sudoestehoje.com.br\/novoportal\/wp-json\/wp\/v2\/categories?post=110805"},{"taxonomy":"post_tag","embeddable":true,"href":"https:\/\/www.sudoestehoje.com.br\/novoportal\/wp-json\/wp\/v2\/tags?post=110805"}],"curies":[{"name":"wp","href":"https:\/\/api.w.org\/{rel}","templated":true}]}}