
{"id":110766,"date":"2023-06-24T19:09:18","date_gmt":"2023-06-24T22:09:18","guid":{"rendered":"https:\/\/www.sudoestehoje.com.br\/novoportal\/?p=110766"},"modified":"2023-06-25T19:18:13","modified_gmt":"2023-06-25T22:18:13","slug":"itapetinga-temperatura-deve-chegar-aos-15c-durante-a-madrugada-de-sao-joao","status":"publish","type":"post","link":"https:\/\/www.sudoestehoje.com.br\/novoportal\/2023\/06\/24\/itapetinga-temperatura-deve-chegar-aos-15c-durante-a-madrugada-de-sao-joao\/","title":{"rendered":"ITAPETINGA | TEMPERATURA CHEGA AOS 15\u00b0C DURANTE MADRUGADAS DE S\u00c3O JO\u00c3O"},"content":{"rendered":"<p><a href=\"https:\/\/www.sudoestehoje.com.br\/novoportal\/wp-content\/uploads\/2023\/06\/WhatsApp-Image-2023-06-24-at-19.01.36.jpeg\"><img loading=\"lazy\" decoding=\"async\" class=\"aligncenter wp-image-110768\" src=\"https:\/\/www.sudoestehoje.com.br\/novoportal\/wp-content\/uploads\/2023\/06\/WhatsApp-Image-2023-06-24-at-19.01.36-600x338.jpeg\" alt=\"\" width=\"550\" height=\"310\" srcset=\"https:\/\/www.sudoestehoje.com.br\/novoportal\/wp-content\/uploads\/2023\/06\/WhatsApp-Image-2023-06-24-at-19.01.36-600x338.jpeg 600w, https:\/\/www.sudoestehoje.com.br\/novoportal\/wp-content\/uploads\/2023\/06\/WhatsApp-Image-2023-06-24-at-19.01.36-700x394.jpeg 700w, https:\/\/www.sudoestehoje.com.br\/novoportal\/wp-content\/uploads\/2023\/06\/WhatsApp-Image-2023-06-24-at-19.01.36-768x432.jpeg 768w, https:\/\/www.sudoestehoje.com.br\/novoportal\/wp-content\/uploads\/2023\/06\/WhatsApp-Image-2023-06-24-at-19.01.36-1536x865.jpeg 1536w, https:\/\/www.sudoestehoje.com.br\/novoportal\/wp-content\/uploads\/2023\/06\/WhatsApp-Image-2023-06-24-at-19.01.36.jpeg 1600w\" sizes=\"auto, (max-width: 550px) 100vw, 550px\" \/><\/a><\/p>\n<p><strong>Neste in\u00edcio de inverno, as temperaturas come\u00e7am a cair em toda a regi\u00e3o Sudoeste, podendo bater recordes em algumas cidades, como Vit\u00f3ria da Conquista, que registrou 10,1\u00b0C na noite passada.<\/strong><\/p>\n<p><strong>De acordo com os institutos meteorol\u00f3gicos, as madrugadas deste s\u00e1bado e domingo dever\u00e3o ser muito frio em Itapetinga, podendo chegar aos 15\u00b0C, temperatura muito baixa para os padr\u00f5es clim\u00e1ticos da Capital da Pecu\u00e1ria.<\/strong><\/p>\n<p><strong>No Parque da Lagoa, onde \u00e9 realizada a festa de S\u00e3o Jo\u00e3o, a temperatura pode cair ainda mais em virtude da l\u00e2mina d&#8217;\u00e1gua pr\u00f3xima ao &#8216;arrai\u00e1&#8217;.<\/strong><strong>\u00a0<\/strong><\/p>\n<p><strong>Nada que bom agasalho e uns &#8216;quent\u00f5es&#8217; n\u00e3o resolvam&#8230;<\/strong><\/p>\n<p><strong>Por Davi Ferraz\u00a0<\/strong><\/p>\n","protected":false},"excerpt":{"rendered":"<p>Neste in\u00edcio de inverno, as temperaturas come\u00e7am a cair em toda a regi\u00e3o Sudoeste, podendo bater recordes em algumas cidades, como Vit\u00f3ria da Conquista, que registrou 10,1\u00b0C na noite passada. De acordo com os institutos meteorol\u00f3gicos, as madrugadas deste s\u00e1bado e domingo dever\u00e3o ser muito frio em Itapetinga, podendo chegar aos 15\u00b0C, temperatura muito baixa [&hellip;]<\/p>\n","protected":false},"author":2,"featured_media":110768,"comment_status":"closed","ping_status":"open","sticky":false,"template":"","format":"standard","meta":{"footnotes":"","_links_to":"","_links_to_target":""},"categories":[1],"tags":[],"class_list":["post-110766","post","type-post","status-publish","format-standard","has-post-thumbnail","hentry","category-geral"],"views":974,"_links":{"self":[{"href":"https:\/\/www.sudoestehoje.com.br\/novoportal\/wp-json\/wp\/v2\/posts\/110766","targetHints":{"allow":["GET"]}}],"collection":[{"href":"https:\/\/www.sudoestehoje.com.br\/novoportal\/wp-json\/wp\/v2\/posts"}],"about":[{"href":"https:\/\/www.sudoestehoje.com.br\/novoportal\/wp-json\/wp\/v2\/types\/post"}],"author":[{"embeddable":true,"href":"https:\/\/www.sudoestehoje.com.br\/novoportal\/wp-json\/wp\/v2\/users\/2"}],"replies":[{"embeddable":true,"href":"https:\/\/www.sudoestehoje.com.br\/novoportal\/wp-json\/wp\/v2\/comments?post=110766"}],"version-history":[{"count":6,"href":"https:\/\/www.sudoestehoje.com.br\/novoportal\/wp-json\/wp\/v2\/posts\/110766\/revisions"}],"predecessor-version":[{"id":110804,"href":"https:\/\/www.sudoestehoje.com.br\/novoportal\/wp-json\/wp\/v2\/posts\/110766\/revisions\/110804"}],"wp:featuredmedia":[{"embeddable":true,"href":"https:\/\/www.sudoestehoje.com.br\/novoportal\/wp-json\/wp\/v2\/media\/110768"}],"wp:attachment":[{"href":"https:\/\/www.sudoestehoje.com.br\/novoportal\/wp-json\/wp\/v2\/media?parent=110766"}],"wp:term":[{"taxonomy":"category","embeddable":true,"href":"https:\/\/www.sudoestehoje.com.br\/novoportal\/wp-json\/wp\/v2\/categories?post=110766"},{"taxonomy":"post_tag","embeddable":true,"href":"https:\/\/www.sudoestehoje.com.br\/novoportal\/wp-json\/wp\/v2\/tags?post=110766"}],"curies":[{"name":"wp","href":"https:\/\/api.w.org\/{rel}","templated":true}]}}