
{"id":110703,"date":"2023-06-23T17:32:56","date_gmt":"2023-06-23T20:32:56","guid":{"rendered":"https:\/\/www.sudoestehoje.com.br\/novoportal\/?p=110703"},"modified":"2023-06-23T17:41:59","modified_gmt":"2023-06-23T20:41:59","slug":"vereadora-manu-brandao-participa-da-festa-de-sao-joao-no-parque-da-lagoa","status":"publish","type":"post","link":"https:\/\/www.sudoestehoje.com.br\/novoportal\/2023\/06\/23\/vereadora-manu-brandao-participa-da-festa-de-sao-joao-no-parque-da-lagoa\/","title":{"rendered":"VEREADORA MANU BRAND\u00c3O PARTICIPA DA FESTA DE S\u00c3O JO\u00c3O NO PARQUE DA LAGOA"},"content":{"rendered":"<p><a href=\"https:\/\/www.sudoestehoje.com.br\/novoportal\/wp-content\/uploads\/2023\/06\/152145c4-3e82-42fc-b58e-8d303f0b5169.jpg\"><img loading=\"lazy\" decoding=\"async\" class=\"aligncenter wp-image-110706\" src=\"https:\/\/www.sudoestehoje.com.br\/novoportal\/wp-content\/uploads\/2023\/06\/152145c4-3e82-42fc-b58e-8d303f0b5169-600x407.jpg\" alt=\"\" width=\"550\" height=\"373\" srcset=\"https:\/\/www.sudoestehoje.com.br\/novoportal\/wp-content\/uploads\/2023\/06\/152145c4-3e82-42fc-b58e-8d303f0b5169-600x407.jpg 600w, https:\/\/www.sudoestehoje.com.br\/novoportal\/wp-content\/uploads\/2023\/06\/152145c4-3e82-42fc-b58e-8d303f0b5169-700x474.jpg 700w, https:\/\/www.sudoestehoje.com.br\/novoportal\/wp-content\/uploads\/2023\/06\/152145c4-3e82-42fc-b58e-8d303f0b5169-768x520.jpg 768w, https:\/\/www.sudoestehoje.com.br\/novoportal\/wp-content\/uploads\/2023\/06\/152145c4-3e82-42fc-b58e-8d303f0b5169.jpg 1188w\" sizes=\"auto, (max-width: 550px) 100vw, 550px\" \/><\/a><\/p>\n<p><strong>Participativa e presente nos principais eventos populares da cidade, a vereadora Manu Brand\u00e3o prestigiou a festa de S\u00e3o Jo\u00e3o de Itapetinga, no Parque Poliesportivo da Lagoa, na noite desta quinta-feira (22).<\/strong><\/p>\n<p><a href=\"https:\/\/www.sudoestehoje.com.br\/novoportal\/wp-content\/uploads\/2023\/06\/ffffcbbd-54d0-484b-97e2-1246de52b5d9.jpg\"><img loading=\"lazy\" decoding=\"async\" class=\"aligncenter wp-image-110708\" src=\"https:\/\/www.sudoestehoje.com.br\/novoportal\/wp-content\/uploads\/2023\/06\/ffffcbbd-54d0-484b-97e2-1246de52b5d9-600x338.jpg\" alt=\"\" width=\"550\" height=\"310\" srcset=\"https:\/\/www.sudoestehoje.com.br\/novoportal\/wp-content\/uploads\/2023\/06\/ffffcbbd-54d0-484b-97e2-1246de52b5d9-600x338.jpg 600w, https:\/\/www.sudoestehoje.com.br\/novoportal\/wp-content\/uploads\/2023\/06\/ffffcbbd-54d0-484b-97e2-1246de52b5d9-700x394.jpg 700w, https:\/\/www.sudoestehoje.com.br\/novoportal\/wp-content\/uploads\/2023\/06\/ffffcbbd-54d0-484b-97e2-1246de52b5d9-768x432.jpg 768w, https:\/\/www.sudoestehoje.com.br\/novoportal\/wp-content\/uploads\/2023\/06\/ffffcbbd-54d0-484b-97e2-1246de52b5d9-1536x865.jpg 1536w, https:\/\/www.sudoestehoje.com.br\/novoportal\/wp-content\/uploads\/2023\/06\/ffffcbbd-54d0-484b-97e2-1246de52b5d9.jpg 1600w\" sizes=\"auto, (max-width: 550px) 100vw, 550px\" \/><\/a><\/p>\n<p><strong>Manu, que j\u00e1 vinha participando de diversas comemora\u00e7\u00f5es juninas em institui\u00e7\u00f5es e escolas do munic\u00edpio, circulou no &#8216;Arrai\u00e1 da Lagoa&#8217; ao lado de seus pais e de outras figuras de destaque da pol\u00edtica local, esbanjando juventude, simpatia e muita disposi\u00e7\u00e3o, qualidades reconhecidas pela popula\u00e7\u00e3o do munic\u00edpio.<\/strong><\/p>\n<p><a href=\"https:\/\/www.sudoestehoje.com.br\/novoportal\/wp-content\/uploads\/2023\/06\/61a53b44-f1e6-4b9b-b9d2-49a45811c4fc.jpg\"><img loading=\"lazy\" decoding=\"async\" class=\"aligncenter wp-image-110709\" src=\"https:\/\/www.sudoestehoje.com.br\/novoportal\/wp-content\/uploads\/2023\/06\/61a53b44-f1e6-4b9b-b9d2-49a45811c4fc-600x419.jpg\" alt=\"\" width=\"550\" height=\"384\" srcset=\"https:\/\/www.sudoestehoje.com.br\/novoportal\/wp-content\/uploads\/2023\/06\/61a53b44-f1e6-4b9b-b9d2-49a45811c4fc-600x419.jpg 600w, https:\/\/www.sudoestehoje.com.br\/novoportal\/wp-content\/uploads\/2023\/06\/61a53b44-f1e6-4b9b-b9d2-49a45811c4fc-700x488.jpg 700w, https:\/\/www.sudoestehoje.com.br\/novoportal\/wp-content\/uploads\/2023\/06\/61a53b44-f1e6-4b9b-b9d2-49a45811c4fc-768x536.jpg 768w, https:\/\/www.sudoestehoje.com.br\/novoportal\/wp-content\/uploads\/2023\/06\/61a53b44-f1e6-4b9b-b9d2-49a45811c4fc.jpg 1200w\" sizes=\"auto, (max-width: 550px) 100vw, 550px\" \/><\/a><\/p>\n<p><strong>Ao lado do prefeito Rodrigo e do amigo Eduardo Hagge, a vereadora elogiou a organiza\u00e7\u00e3o da festa: <em>&#8220;O S\u00e3o Jo\u00e3o de Itapetinga \u00e9 grandioso e organizado, gra\u00e7as \u00e0 efici\u00eancia das equipes da prefeitura que, sob o comando do nosso prefeito, n\u00e3o tem poupado esfor\u00e7os para realizar um evento de grande porte como este&#8221;<\/em>, destacou a vereadora.<\/strong><\/p>\n<p><strong><em>Reda\u00e7\u00e3o<\/em><\/strong><\/p>\n","protected":false},"excerpt":{"rendered":"<p>Participativa e presente nos principais eventos populares da cidade, a vereadora Manu Brand\u00e3o prestigiou a festa de S\u00e3o Jo\u00e3o de Itapetinga, no Parque Poliesportivo da Lagoa, na noite desta quinta-feira (22). Manu, que j\u00e1 vinha participando de diversas comemora\u00e7\u00f5es juninas em institui\u00e7\u00f5es e escolas do munic\u00edpio, circulou no &#8216;Arrai\u00e1 da Lagoa&#8217; ao lado de seus [&hellip;]<\/p>\n","protected":false},"author":2,"featured_media":110706,"comment_status":"closed","ping_status":"open","sticky":false,"template":"","format":"standard","meta":{"footnotes":"","_links_to":"","_links_to_target":""},"categories":[1],"tags":[],"class_list":["post-110703","post","type-post","status-publish","format-standard","has-post-thumbnail","hentry","category-geral"],"views":735,"_links":{"self":[{"href":"https:\/\/www.sudoestehoje.com.br\/novoportal\/wp-json\/wp\/v2\/posts\/110703","targetHints":{"allow":["GET"]}}],"collection":[{"href":"https:\/\/www.sudoestehoje.com.br\/novoportal\/wp-json\/wp\/v2\/posts"}],"about":[{"href":"https:\/\/www.sudoestehoje.com.br\/novoportal\/wp-json\/wp\/v2\/types\/post"}],"author":[{"embeddable":true,"href":"https:\/\/www.sudoestehoje.com.br\/novoportal\/wp-json\/wp\/v2\/users\/2"}],"replies":[{"embeddable":true,"href":"https:\/\/www.sudoestehoje.com.br\/novoportal\/wp-json\/wp\/v2\/comments?post=110703"}],"version-history":[{"count":6,"href":"https:\/\/www.sudoestehoje.com.br\/novoportal\/wp-json\/wp\/v2\/posts\/110703\/revisions"}],"predecessor-version":[{"id":110712,"href":"https:\/\/www.sudoestehoje.com.br\/novoportal\/wp-json\/wp\/v2\/posts\/110703\/revisions\/110712"}],"wp:featuredmedia":[{"embeddable":true,"href":"https:\/\/www.sudoestehoje.com.br\/novoportal\/wp-json\/wp\/v2\/media\/110706"}],"wp:attachment":[{"href":"https:\/\/www.sudoestehoje.com.br\/novoportal\/wp-json\/wp\/v2\/media?parent=110703"}],"wp:term":[{"taxonomy":"category","embeddable":true,"href":"https:\/\/www.sudoestehoje.com.br\/novoportal\/wp-json\/wp\/v2\/categories?post=110703"},{"taxonomy":"post_tag","embeddable":true,"href":"https:\/\/www.sudoestehoje.com.br\/novoportal\/wp-json\/wp\/v2\/tags?post=110703"}],"curies":[{"name":"wp","href":"https:\/\/api.w.org\/{rel}","templated":true}]}}