
{"id":110677,"date":"2023-06-22T16:49:57","date_gmt":"2023-06-22T19:49:57","guid":{"rendered":"https:\/\/www.sudoestehoje.com.br\/novoportal\/?p=110677"},"modified":"2023-06-22T17:00:08","modified_gmt":"2023-06-22T20:00:08","slug":"politica-itapetinga-vice-renan-pereira-e-eduardo-hagge-aparecem-juntos-em-eventos","status":"publish","type":"post","link":"https:\/\/www.sudoestehoje.com.br\/novoportal\/2023\/06\/22\/politica-itapetinga-vice-renan-pereira-e-eduardo-hagge-aparecem-juntos-em-eventos\/","title":{"rendered":"POL\u00cdTICA ITAPETINGA | VICE RENAN PEREIRA E EDUARDO HAGGE APARECEM JUNTOS EM EVENTOS"},"content":{"rendered":"<p><a href=\"https:\/\/www.sudoestehoje.com.br\/novoportal\/wp-content\/uploads\/2023\/06\/WhatsApp-Image-2023-06-22-at-13.03.48.jpeg\"><img loading=\"lazy\" decoding=\"async\" class=\"aligncenter wp-image-110681\" src=\"https:\/\/www.sudoestehoje.com.br\/novoportal\/wp-content\/uploads\/2023\/06\/WhatsApp-Image-2023-06-22-at-13.03.48-600x397.jpeg\" alt=\"\" width=\"549\" height=\"363\" srcset=\"https:\/\/www.sudoestehoje.com.br\/novoportal\/wp-content\/uploads\/2023\/06\/WhatsApp-Image-2023-06-22-at-13.03.48-600x397.jpeg 600w, https:\/\/www.sudoestehoje.com.br\/novoportal\/wp-content\/uploads\/2023\/06\/WhatsApp-Image-2023-06-22-at-13.03.48-700x463.jpeg 700w, https:\/\/www.sudoestehoje.com.br\/novoportal\/wp-content\/uploads\/2023\/06\/WhatsApp-Image-2023-06-22-at-13.03.48-768x508.jpeg 768w, https:\/\/www.sudoestehoje.com.br\/novoportal\/wp-content\/uploads\/2023\/06\/WhatsApp-Image-2023-06-22-at-13.03.48.jpeg 1284w\" sizes=\"auto, (max-width: 549px) 100vw, 549px\" \/><\/a><\/p>\n<p><strong>Nos \u00faltimos dias, o vice-prefeito de Itapetinga, Renan Pereira (UB) e o m\u00e9dico veterin\u00e1rio Eduardo Hagge (MDB) circularam juntos em alguns eventos festivos na cidade, numa demonstra\u00e7\u00e3o de civilidade e desprendimento pol\u00edtico, j\u00e1 que ambos s\u00e3o figuras cotadas para disputar a sucess\u00e3o do prefeito Rodrigo Hagge (MDB), em 2024, pelo mesmo grupo pol\u00edtico.<\/strong><\/p>\n<p><strong>Nas conversas de bastidores e at\u00e9 atrav\u00e9s da imprensa, Renan tem sustentado que \u00e9 postulante \u00e0 indica\u00e7\u00e3o do grupo governista, mas n\u00e3o tem demonstrado que ser\u00e1 empecilho\u00a0 \u00e1 concretiza\u00e7\u00e3o de um acordo que viabilize outra candidatura ligada ao prefeito Rodrigo Hagge, afastando a possibilidade de um &#8216;racha&#8217;, como almeja a oposi\u00e7\u00e3o.<\/strong><\/p>\n<p><a href=\"https:\/\/www.sudoestehoje.com.br\/novoportal\/wp-content\/uploads\/2023\/06\/WhatsApp-Image-2023-06-22-at-13.03.35.jpeg\"><img loading=\"lazy\" decoding=\"async\" class=\"aligncenter  wp-image-110684\" src=\"https:\/\/www.sudoestehoje.com.br\/novoportal\/wp-content\/uploads\/2023\/06\/WhatsApp-Image-2023-06-22-at-13.03.35-600x394.jpeg\" alt=\"\" width=\"551\" height=\"362\" srcset=\"https:\/\/www.sudoestehoje.com.br\/novoportal\/wp-content\/uploads\/2023\/06\/WhatsApp-Image-2023-06-22-at-13.03.35-600x394.jpeg 600w, https:\/\/www.sudoestehoje.com.br\/novoportal\/wp-content\/uploads\/2023\/06\/WhatsApp-Image-2023-06-22-at-13.03.35-700x460.jpeg 700w, https:\/\/www.sudoestehoje.com.br\/novoportal\/wp-content\/uploads\/2023\/06\/WhatsApp-Image-2023-06-22-at-13.03.35-768x504.jpeg 768w, https:\/\/www.sudoestehoje.com.br\/novoportal\/wp-content\/uploads\/2023\/06\/WhatsApp-Image-2023-06-22-at-13.03.35.jpeg 1284w\" sizes=\"auto, (max-width: 551px) 100vw, 551px\" \/><\/a><\/p>\n<p><strong>Cotado pela milit\u00e2ncia do MDB e partidos aliados, Eduardo Hagge tem circulado com desenvoltura em alguns eventos, sendo saudado e at\u00e9 aplaudido por correligion\u00e1rios e populares, mas ainda n\u00e3o se declarou pr\u00e9-candidato a prefeito pela sua legenda.<\/strong><\/p>\n<p><strong>O fato de Renan e Eduardo aparecerem juntos em locais p\u00fablicos \u00e9 encarado com fator positivo e leva a crer que a uni\u00e3o dos grupos pol\u00edticos dos ex-prefeitos Michel Hagge e Dr. Jos\u00e9 Ot\u00e1vio Curvelo ainda tem muito f\u00f4lego e vida longa.<\/strong><\/p>\n<p><a href=\"https:\/\/www.sudoestehoje.com.br\/novoportal\/wp-content\/uploads\/2023\/06\/WhatsApp-Image-2023-06-22-at-13.03.17.jpeg\"><img loading=\"lazy\" decoding=\"async\" class=\"aligncenter  wp-image-110685\" src=\"https:\/\/www.sudoestehoje.com.br\/novoportal\/wp-content\/uploads\/2023\/06\/WhatsApp-Image-2023-06-22-at-13.03.17-600x393.jpeg\" alt=\"\" width=\"554\" height=\"363\" srcset=\"https:\/\/www.sudoestehoje.com.br\/novoportal\/wp-content\/uploads\/2023\/06\/WhatsApp-Image-2023-06-22-at-13.03.17-600x393.jpeg 600w, https:\/\/www.sudoestehoje.com.br\/novoportal\/wp-content\/uploads\/2023\/06\/WhatsApp-Image-2023-06-22-at-13.03.17-700x458.jpeg 700w, https:\/\/www.sudoestehoje.com.br\/novoportal\/wp-content\/uploads\/2023\/06\/WhatsApp-Image-2023-06-22-at-13.03.17-768x503.jpeg 768w, https:\/\/www.sudoestehoje.com.br\/novoportal\/wp-content\/uploads\/2023\/06\/WhatsApp-Image-2023-06-22-at-13.03.17.jpeg 1284w\" sizes=\"auto, (max-width: 554px) 100vw, 554px\" \/><\/a><\/p>\n<p><strong>Por Davi Ferraz<\/strong><\/p>\n","protected":false},"excerpt":{"rendered":"<p>Nos \u00faltimos dias, o vice-prefeito de Itapetinga, Renan Pereira (UB) e o m\u00e9dico veterin\u00e1rio Eduardo Hagge (MDB) circularam juntos em alguns eventos festivos na cidade, numa demonstra\u00e7\u00e3o de civilidade e desprendimento pol\u00edtico, j\u00e1 que ambos s\u00e3o figuras cotadas para disputar a sucess\u00e3o do prefeito Rodrigo Hagge (MDB), em 2024, pelo mesmo grupo pol\u00edtico. Nas conversas [&hellip;]<\/p>\n","protected":false},"author":2,"featured_media":110681,"comment_status":"closed","ping_status":"open","sticky":false,"template":"","format":"standard","meta":{"footnotes":"","_links_to":"","_links_to_target":""},"categories":[1],"tags":[],"class_list":["post-110677","post","type-post","status-publish","format-standard","has-post-thumbnail","hentry","category-geral"],"views":954,"_links":{"self":[{"href":"https:\/\/www.sudoestehoje.com.br\/novoportal\/wp-json\/wp\/v2\/posts\/110677","targetHints":{"allow":["GET"]}}],"collection":[{"href":"https:\/\/www.sudoestehoje.com.br\/novoportal\/wp-json\/wp\/v2\/posts"}],"about":[{"href":"https:\/\/www.sudoestehoje.com.br\/novoportal\/wp-json\/wp\/v2\/types\/post"}],"author":[{"embeddable":true,"href":"https:\/\/www.sudoestehoje.com.br\/novoportal\/wp-json\/wp\/v2\/users\/2"}],"replies":[{"embeddable":true,"href":"https:\/\/www.sudoestehoje.com.br\/novoportal\/wp-json\/wp\/v2\/comments?post=110677"}],"version-history":[{"count":5,"href":"https:\/\/www.sudoestehoje.com.br\/novoportal\/wp-json\/wp\/v2\/posts\/110677\/revisions"}],"predecessor-version":[{"id":110687,"href":"https:\/\/www.sudoestehoje.com.br\/novoportal\/wp-json\/wp\/v2\/posts\/110677\/revisions\/110687"}],"wp:featuredmedia":[{"embeddable":true,"href":"https:\/\/www.sudoestehoje.com.br\/novoportal\/wp-json\/wp\/v2\/media\/110681"}],"wp:attachment":[{"href":"https:\/\/www.sudoestehoje.com.br\/novoportal\/wp-json\/wp\/v2\/media?parent=110677"}],"wp:term":[{"taxonomy":"category","embeddable":true,"href":"https:\/\/www.sudoestehoje.com.br\/novoportal\/wp-json\/wp\/v2\/categories?post=110677"},{"taxonomy":"post_tag","embeddable":true,"href":"https:\/\/www.sudoestehoje.com.br\/novoportal\/wp-json\/wp\/v2\/tags?post=110677"}],"curies":[{"name":"wp","href":"https:\/\/api.w.org\/{rel}","templated":true}]}}